{"id":1141,"date":"2018-06-07T20:07:37","date_gmt":"2018-06-07T20:07:37","guid":{"rendered":"http:\/\/deaixa.net\/palbiro\/?p=1141"},"modified":"2022-10-19T22:09:40","modified_gmt":"2022-10-19T22:09:40","slug":"acerca-de-palbiro","status":"publish","type":"post","link":"https:\/\/www.deaixa.com\/palbiro\/2018\/06\/acerca-de-palbiro\/","title":{"rendered":"Acerca de Palbiro"},"content":{"rendered":"\n<p>Artista pl\u00e1stico, autodidacta, naci\u00f3 en Lima en 1948. Estudi\u00f3 en el Colegio San Andr\u00e9s (antes Anglo Peruano) primaria y secundaria e ingres\u00f3 a la Universidad Nacional Mayor de San Marcos con la intenci\u00f3n de seguir abogac\u00eda como su padre. Al cabo de los dos a\u00f1os de letras prefiri\u00f3 estudiar Psicologia y complet\u00f3 los estudios.<\/p>\n\n\n\n<p>Cumplido el ultimo a\u00f1o de pr\u00e1cticas decidi\u00f3 renunciar a la profesi\u00f3n y cambiar a las artes, espec\u00edficamente al canto, as\u00ed ingres\u00f3 como tenor en el Coro Nacional del Instituto Nacional de Cultura y paralelamente complet\u00f3 sus estudios en el Conservatorio Nacional de Musica. Fue becado por dos a\u00f1os en Buenos Aires, Argentina.<\/p>\n\n\n\n<p>Al cumplir los 60 a\u00f1os, decidi\u00f3 instalarse en la selva Peruana, Moyobamba, para dedicarse de pleno a las artes: pl\u00e1sticas, musicales y literarias. Autodidacta en dibujo y pintura surge espont\u00e1neamente una tematica m\u00edstica y naif, o neo figurativa con influencia amaz\u00f3nica.<\/p>\n\n\n\n<p>Palbiro es tambi\u00e9n Tenor L\u00edrico.<\/p>\n","protected":false},"excerpt":{"rendered":"<p>Artista pl\u00e1stico, autodidacta, naci\u00f3 en Lima en 1948. Estudi\u00f3 en el Colegio San Andr\u00e9s (antes Anglo Peruano) primaria y secundaria e ingres\u00f3 a la Universidad Nacional Mayor de San Marcos con la intenci\u00f3n de seguir abogac\u00eda como su padre. Al cabo de los dos a\u00f1os de letras prefiri\u00f3 estudiar Psicologia y complet\u00f3 los estudios. Cumplido el ultimo a\u00f1o de pr\u00e1cticas decidi\u00f3 renunciar a la profesi\u00f3n y cambiar a las artes, espec\u00edficamente al canto, as\u00ed ingres\u00f3 como tenor en el Coro Nacional del Instituto Nacional de Cultura y paralelamente complet\u00f3 sus estudios en el Conservatorio Nacional de Musica. Fue becado por dos a\u00f1os en Buenos Aires,<span class=\"more-link\"><a href=\"https:\/\/www.deaixa.com\/palbiro\/2018\/06\/acerca-de-palbiro\/\">Seguir Leyendo<\/a><\/span><\/p>\n","protected":false},"author":2,"featured_media":340,"comment_status":"closed","ping_status":"closed","sticky":false,"template":"","format":"standard","meta":{"footnotes":""},"categories":[14],"tags":[],"class_list":["entry","author-webmaster","post-1141","post","type-post","status-publish","format-standard","has-post-thumbnail","category-canto"],"_links":{"self":[{"href":"https:\/\/www.deaixa.com\/palbiro\/wp-json\/wp\/v2\/posts\/1141","targetHints":{"allow":["GET"]}}],"collection":[{"href":"https:\/\/www.deaixa.com\/palbiro\/wp-json\/wp\/v2\/posts"}],"about":[{"href":"https:\/\/www.deaixa.com\/palbiro\/wp-json\/wp\/v2\/types\/post"}],"author":[{"embeddable":true,"href":"https:\/\/www.deaixa.com\/palbiro\/wp-json\/wp\/v2\/users\/2"}],"replies":[{"embeddable":true,"href":"https:\/\/www.deaixa.com\/palbiro\/wp-json\/wp\/v2\/comments?post=1141"}],"version-history":[{"count":1,"href":"https:\/\/www.deaixa.com\/palbiro\/wp-json\/wp\/v2\/posts\/1141\/revisions"}],"predecessor-version":[{"id":1996,"href":"https:\/\/www.deaixa.com\/palbiro\/wp-json\/wp\/v2\/posts\/1141\/revisions\/1996"}],"wp:featuredmedia":[{"embeddable":true,"href":"https:\/\/www.deaixa.com\/palbiro\/wp-json\/wp\/v2\/media\/340"}],"wp:attachment":[{"href":"https:\/\/www.deaixa.com\/palbiro\/wp-json\/wp\/v2\/media?parent=1141"}],"wp:term":[{"taxonomy":"category","embeddable":true,"href":"https:\/\/www.deaixa.com\/palbiro\/wp-json\/wp\/v2\/categories?post=1141"},{"taxonomy":"post_tag","embeddable":true,"href":"https:\/\/www.deaixa.com\/palbiro\/wp-json\/wp\/v2\/tags?post=1141"}],"curies":[{"name":"wp","href":"https:\/\/api.w.org\/{rel}","templated":true}]}}