{"id":1155,"date":"2016-05-02T10:10:17","date_gmt":"2016-05-02T10:10:17","guid":{"rendered":"http:\/\/deaixa.net\/palbiro\/?p=1155"},"modified":"2022-10-19T21:19:38","modified_gmt":"2022-10-19T21:19:38","slug":"el-pabellon-de-canto-a-la-libertad-en-caral","status":"publish","type":"post","link":"https:\/\/www.deaixa.com\/palbiro\/2016\/05\/el-pabellon-de-canto-a-la-libertad-en-caral\/","title":{"rendered":"Canto a la Libertad &#8211; Aspero &#8211; Mayo 2016"},"content":{"rendered":"\n<p class=\"has-text-align-center\">El Pabellon en Caral<br>Mayo 2016<\/p>\n\n\n\n<p class=\"has-text-align-center\">Canto a la Libertad\u00bb, Segunda Exposici\u00f3n Itinerante de Palbiro<br>Festival Cultural, Aspero Raymi, Abril 2016<\/p>\n\n\n\n<figure class=\"wp-block-image size-large\"><img decoding=\"async\" src=\"https:\/\/www.deaixa.com\/palbiro\/wp-content\/uploads\/2016\/05\/CATALOGO-EXPO-CARAL2-1-1.jpg\" alt=\"\"\/><\/figure>\n\n\n\n<figure class=\"wp-block-gallery has-nested-images columns-default is-cropped wp-block-gallery-1 is-layout-flex wp-block-gallery-is-layout-flex\">\n<figure class=\"wp-block-image size-large\"><img loading=\"lazy\" decoding=\"async\" width=\"1024\" height=\"767\" data-id=\"483\" src=\"https:\/\/www.deaixa.com\/palbiro\/wp-content\/uploads\/2016\/05\/CATALOGO-EXPO-CARAL15-1-1.jpg\" alt=\"\" class=\"wp-image-483\" srcset=\"https:\/\/www.deaixa.com\/palbiro\/wp-content\/uploads\/2016\/05\/CATALOGO-EXPO-CARAL15-1-1.jpg 1024w, https:\/\/www.deaixa.com\/palbiro\/wp-content\/uploads\/2016\/05\/CATALOGO-EXPO-CARAL15-1-1-300x225.jpg 300w, https:\/\/www.deaixa.com\/palbiro\/wp-content\/uploads\/2016\/05\/CATALOGO-EXPO-CARAL15-1-1-768x575.jpg 768w\" sizes=\"auto, (max-width: 1024px) 100vw, 1024px\" \/><\/figure>\n\n\n\n<figure class=\"wp-block-image size-large\"><img loading=\"lazy\" decoding=\"async\" width=\"1024\" height=\"767\" data-id=\"481\" src=\"https:\/\/www.deaixa.com\/palbiro\/wp-content\/uploads\/2016\/05\/CATALOGO-EXPO-CARAL13-1-1.jpg\" alt=\"\" class=\"wp-image-481\" srcset=\"https:\/\/www.deaixa.com\/palbiro\/wp-content\/uploads\/2016\/05\/CATALOGO-EXPO-CARAL13-1-1.jpg 1024w, https:\/\/www.deaixa.com\/palbiro\/wp-content\/uploads\/2016\/05\/CATALOGO-EXPO-CARAL13-1-1-300x225.jpg 300w, https:\/\/www.deaixa.com\/palbiro\/wp-content\/uploads\/2016\/05\/CATALOGO-EXPO-CARAL13-1-1-768x575.jpg 768w\" sizes=\"auto, (max-width: 1024px) 100vw, 1024px\" \/><\/figure>\n\n\n\n<figure class=\"wp-block-image size-large\"><img loading=\"lazy\" decoding=\"async\" width=\"1024\" height=\"767\" data-id=\"480\" src=\"https:\/\/www.deaixa.com\/palbiro\/wp-content\/uploads\/2016\/05\/CATALOGO-EXPO-CARAL12-1-1.jpg\" alt=\"\" class=\"wp-image-480\" srcset=\"https:\/\/www.deaixa.com\/palbiro\/wp-content\/uploads\/2016\/05\/CATALOGO-EXPO-CARAL12-1-1.jpg 1024w, https:\/\/www.deaixa.com\/palbiro\/wp-content\/uploads\/2016\/05\/CATALOGO-EXPO-CARAL12-1-1-300x225.jpg 300w, https:\/\/www.deaixa.com\/palbiro\/wp-content\/uploads\/2016\/05\/CATALOGO-EXPO-CARAL12-1-1-768x575.jpg 768w\" sizes=\"auto, (max-width: 1024px) 100vw, 1024px\" \/><\/figure>\n\n\n\n<figure class=\"wp-block-image size-large\"><img loading=\"lazy\" decoding=\"async\" width=\"1024\" height=\"767\" data-id=\"477\" src=\"https:\/\/www.deaixa.com\/palbiro\/wp-content\/uploads\/2016\/05\/CATALOGO-EXPO-CARAL11-1-1.jpg\" alt=\"\" class=\"wp-image-477\" srcset=\"https:\/\/www.deaixa.com\/palbiro\/wp-content\/uploads\/2016\/05\/CATALOGO-EXPO-CARAL11-1-1.jpg 1024w, https:\/\/www.deaixa.com\/palbiro\/wp-content\/uploads\/2016\/05\/CATALOGO-EXPO-CARAL11-1-1-300x225.jpg 300w, https:\/\/www.deaixa.com\/palbiro\/wp-content\/uploads\/2016\/05\/CATALOGO-EXPO-CARAL11-1-1-768x575.jpg 768w\" sizes=\"auto, (max-width: 1024px) 100vw, 1024px\" \/><figcaption><br><br><h3 style=\"text-align: center;\">&#8220;El Fuego Creador&#8221; <\/h3><p style=\"text-align: center;\">\u00d3leo sobre lienzo, (120 x 80 cm.) 2016<br> No trates de explicar la pintura porque la condicionas y te pierdes su encanto.\n<br><em>Palbiro<\/em><\/p><br><br><\/figcaption><\/figure>\n\n\n\n<figure class=\"wp-block-image size-large\"><img loading=\"lazy\" decoding=\"async\" width=\"1024\" height=\"767\" data-id=\"476\" src=\"https:\/\/www.deaixa.com\/palbiro\/wp-content\/uploads\/2016\/05\/CATALOGO-EXPO-CARAL10-1-1.jpg\" alt=\"\" class=\"wp-image-476\" srcset=\"https:\/\/www.deaixa.com\/palbiro\/wp-content\/uploads\/2016\/05\/CATALOGO-EXPO-CARAL10-1-1.jpg 1024w, https:\/\/www.deaixa.com\/palbiro\/wp-content\/uploads\/2016\/05\/CATALOGO-EXPO-CARAL10-1-1-300x225.jpg 300w, https:\/\/www.deaixa.com\/palbiro\/wp-content\/uploads\/2016\/05\/CATALOGO-EXPO-CARAL10-1-1-768x575.jpg 768w\" sizes=\"auto, (max-width: 1024px) 100vw, 1024px\" \/><figcaption><br><br><h3 style=\"text-align: center;\">&#8220;El Poder de la Danza&#8221; <\/h3><p style=\"text-align: center;\">\u00d3leo sobre lienzo, ( 80 x 100 cm.) 2016<br> Contemplar y comprender podr\u00eda cambiar el mundo, intent\u00e9moslo.\n<br><em>Palbiro<\/em><\/p><br><br><\/figcaption><\/figure>\n\n\n\n<figure class=\"wp-block-image size-large\"><img loading=\"lazy\" decoding=\"async\" width=\"1024\" height=\"767\" data-id=\"475\" src=\"https:\/\/www.deaixa.com\/palbiro\/wp-content\/uploads\/2016\/05\/CATALOGO-EXPO-CARAL9-1-1.jpg\" alt=\"\" class=\"wp-image-475\" srcset=\"https:\/\/www.deaixa.com\/palbiro\/wp-content\/uploads\/2016\/05\/CATALOGO-EXPO-CARAL9-1-1.jpg 1024w, https:\/\/www.deaixa.com\/palbiro\/wp-content\/uploads\/2016\/05\/CATALOGO-EXPO-CARAL9-1-1-300x225.jpg 300w, https:\/\/www.deaixa.com\/palbiro\/wp-content\/uploads\/2016\/05\/CATALOGO-EXPO-CARAL9-1-1-768x575.jpg 768w\" sizes=\"auto, (max-width: 1024px) 100vw, 1024px\" \/><figcaption><br><br><h3 style=\"text-align: center;\">&#8220;Buscando el Camino&#8221; <\/h3><p style=\"text-align: center;\">\u00d3leo sobre lienzo, (120 x 100 cm.) 2016<br>  Sentir que has logrado ser tu mismo es camino obligado; <br>al ser individual nadie puede manipularte, entonces eres original, no eres copia de nadie.\n<br><em>Palbiro<\/em><\/p><br><br><\/figcaption><\/figure>\n\n\n\n<figure class=\"wp-block-image size-large\"><img loading=\"lazy\" decoding=\"async\" width=\"1024\" height=\"767\" data-id=\"474\" src=\"https:\/\/www.deaixa.com\/palbiro\/wp-content\/uploads\/2016\/05\/CATALOGO-EXPO-CARAL8-1-1.jpg\" alt=\"\" class=\"wp-image-474\" srcset=\"https:\/\/www.deaixa.com\/palbiro\/wp-content\/uploads\/2016\/05\/CATALOGO-EXPO-CARAL8-1-1.jpg 1024w, https:\/\/www.deaixa.com\/palbiro\/wp-content\/uploads\/2016\/05\/CATALOGO-EXPO-CARAL8-1-1-300x225.jpg 300w, https:\/\/www.deaixa.com\/palbiro\/wp-content\/uploads\/2016\/05\/CATALOGO-EXPO-CARAL8-1-1-768x575.jpg 768w\" sizes=\"auto, (max-width: 1024px) 100vw, 1024px\" \/><figcaption><br><br><h3 style=\"text-align: center;\">&#8220;Encuentros entre los Apus&#8221; <\/h3><p style=\"text-align: center;\">\u00d3leo sobre lienzo, (120 x 100 cm.) 2015<br> Cada obra es un mundo distinto que se construye de la nada,<br> uniendo cabos, partes y colores hasta darle vida propia, autonom\u00eda y belleza.\n<br><em>Palbiro<\/em><\/p><br><br><\/figcaption><\/figure>\n\n\n\n<figure class=\"wp-block-image size-large\"><img loading=\"lazy\" decoding=\"async\" width=\"1024\" height=\"767\" data-id=\"473\" src=\"https:\/\/www.deaixa.com\/palbiro\/wp-content\/uploads\/2016\/05\/CATALOGO-EXPO-CARAL7-1-1.jpg\" alt=\"\" class=\"wp-image-473\" srcset=\"https:\/\/www.deaixa.com\/palbiro\/wp-content\/uploads\/2016\/05\/CATALOGO-EXPO-CARAL7-1-1.jpg 1024w, https:\/\/www.deaixa.com\/palbiro\/wp-content\/uploads\/2016\/05\/CATALOGO-EXPO-CARAL7-1-1-300x225.jpg 300w, https:\/\/www.deaixa.com\/palbiro\/wp-content\/uploads\/2016\/05\/CATALOGO-EXPO-CARAL7-1-1-768x575.jpg 768w\" sizes=\"auto, (max-width: 1024px) 100vw, 1024px\" \/><figcaption><br><br><h3 style=\"text-align: center;\">&#8220;Tejedoras de Lunas&#8221; <\/h3><p style=\"text-align: center;\">\u00d3leo sobre lienzo, (120 x 100 cm.) 2016<br> Expreso lo que vive dentro de m\u00ed, convencido que existe un nuevo mundo por alcanzar<br> y esto me mantiene actual y en lo real.<br>\n<em>Palbiro<\/em><\/p><br><br><\/figcaption><\/figure>\n\n\n\n<figure class=\"wp-block-image size-large\"><img loading=\"lazy\" decoding=\"async\" width=\"1024\" height=\"767\" data-id=\"472\" src=\"https:\/\/www.deaixa.com\/palbiro\/wp-content\/uploads\/2016\/05\/CATALOGO-EXPO-CARAL6-1-1.jpg\" alt=\"\" class=\"wp-image-472\" srcset=\"https:\/\/www.deaixa.com\/palbiro\/wp-content\/uploads\/2016\/05\/CATALOGO-EXPO-CARAL6-1-1.jpg 1024w, https:\/\/www.deaixa.com\/palbiro\/wp-content\/uploads\/2016\/05\/CATALOGO-EXPO-CARAL6-1-1-300x225.jpg 300w, https:\/\/www.deaixa.com\/palbiro\/wp-content\/uploads\/2016\/05\/CATALOGO-EXPO-CARAL6-1-1-768x575.jpg 768w\" sizes=\"auto, (max-width: 1024px) 100vw, 1024px\" \/><figcaption><br><br><h3 style=\"text-align: center;\">&#8220;Ave en Los andes&#8221; <\/h3><p style=\"text-align: center;\">\u00d3leo sobre lienzo, (100 x 100 cm.) 2016<br>Sin supersticiones, sin prejuicios y contra toda ortodoxia y sin sentido; <br>ya madurado, apasionado y compasivo puedo sentirme libre, lo revelo as\u00ed en mi pintura.<br><em>Palbiro<\/em><\/p><br><br><\/figcaption><\/figure>\n\n\n\n<figure class=\"wp-block-image size-large\"><img loading=\"lazy\" decoding=\"async\" width=\"1024\" height=\"767\" data-id=\"470\" src=\"https:\/\/www.deaixa.com\/palbiro\/wp-content\/uploads\/2016\/05\/CATALOGO-EXPO-CARAL5-1-1.jpg\" alt=\"\" class=\"wp-image-470\" srcset=\"https:\/\/www.deaixa.com\/palbiro\/wp-content\/uploads\/2016\/05\/CATALOGO-EXPO-CARAL5-1-1.jpg 1024w, https:\/\/www.deaixa.com\/palbiro\/wp-content\/uploads\/2016\/05\/CATALOGO-EXPO-CARAL5-1-1-300x225.jpg 300w, https:\/\/www.deaixa.com\/palbiro\/wp-content\/uploads\/2016\/05\/CATALOGO-EXPO-CARAL5-1-1-768x575.jpg 768w\" sizes=\"auto, (max-width: 1024px) 100vw, 1024px\" \/><figcaption><br><br><h3 style=\"text-align: center;\">&#8220;Nocturno Amaz\u00f3nico&#8221; <\/h3><p style=\"text-align: center;\">\u00d3leo sobre lienzo, (160 x 110 cm.) 2015<br> Si encuentras la ventanita, no lo pienses dos veces, entra por ah\u00ed , pasaremos juntos un buen rato.\n<br><em>Palbiro<\/em><\/p><br><br><\/figcaption><\/figure>\n\n\n\n<figure class=\"wp-block-image size-large\"><img loading=\"lazy\" decoding=\"async\" width=\"1024\" height=\"767\" data-id=\"1401\" src=\"https:\/\/www.deaixa.com\/palbiro\/wp-content\/uploads\/2016\/05\/CATALOGO-EXPO-CARAL4-1-1-1.jpg\" alt=\"\" class=\"wp-image-1401\" srcset=\"https:\/\/www.deaixa.com\/palbiro\/wp-content\/uploads\/2016\/05\/CATALOGO-EXPO-CARAL4-1-1-1.jpg 1024w, https:\/\/www.deaixa.com\/palbiro\/wp-content\/uploads\/2016\/05\/CATALOGO-EXPO-CARAL4-1-1-1-300x225.jpg 300w, https:\/\/www.deaixa.com\/palbiro\/wp-content\/uploads\/2016\/05\/CATALOGO-EXPO-CARAL4-1-1-1-768x575.jpg 768w\" sizes=\"auto, (max-width: 1024px) 100vw, 1024px\" \/><figcaption><br><br><h3 style=\"text-align: center;\">&#8220;Encuetro Espacial&#8221;<\/h3> \n<p style=\"text-align: center;\">\u00d3leo sobre lienzo, (145 x 115 cm.) 2015\n<br>Se supone que cada una de mis obras son como mis hijos, y en verdad lo son, <br>cada cual tiene su integridad e individualidad.\n<br><em>Palbiro<\/em><\/p><br><br><\/figcaption><\/figure>\n\n\n\n<figure class=\"wp-block-image size-large\"><img loading=\"lazy\" decoding=\"async\" width=\"1024\" height=\"767\" data-id=\"464\" src=\"https:\/\/www.deaixa.com\/palbiro\/wp-content\/uploads\/2016\/05\/CATALOGO-EXPO-CARAL14-2-1.jpg\" alt=\"\" class=\"wp-image-464\" srcset=\"https:\/\/www.deaixa.com\/palbiro\/wp-content\/uploads\/2016\/05\/CATALOGO-EXPO-CARAL14-2-1.jpg 1024w, https:\/\/www.deaixa.com\/palbiro\/wp-content\/uploads\/2016\/05\/CATALOGO-EXPO-CARAL14-2-1-300x225.jpg 300w, https:\/\/www.deaixa.com\/palbiro\/wp-content\/uploads\/2016\/05\/CATALOGO-EXPO-CARAL14-2-1-768x575.jpg 768w\" sizes=\"auto, (max-width: 1024px) 100vw, 1024px\" \/><figcaption><br><br><h3 style=\"text-align: center;\">&#8220;Renacimiento de las Aves&#8221;<\/h3> \n<p style=\"text-align: center;\">Sepia sobre papel, (29 x 39 cm.) 2016<br>  Ojala miraras alguna pintura hasta encontrarte a t\u00ed mismo en ella. <br><em>Palbiro<\/em><\/p><br><br><\/figcaption><\/figure>\n<\/figure>\n","protected":false},"excerpt":{"rendered":"<p>El Pabellon en CaralMayo 2016 Canto a la Libertad\u00bb, Segunda Exposici\u00f3n Itinerante de PalbiroFestival Cultural, Aspero Raymi, Abril 2016<\/p>\n","protected":false},"author":2,"featured_media":509,"comment_status":"closed","ping_status":"closed","sticky":false,"template":"","format":"standard","meta":{"footnotes":""},"categories":[9],"tags":[],"class_list":["entry","author-webmaster","post-1155","post","type-post","status-publish","format-standard","has-post-thumbnail","category-exposiciones"],"_links":{"self":[{"href":"https:\/\/www.deaixa.com\/palbiro\/wp-json\/wp\/v2\/posts\/1155","targetHints":{"allow":["GET"]}}],"collection":[{"href":"https:\/\/www.deaixa.com\/palbiro\/wp-json\/wp\/v2\/posts"}],"about":[{"href":"https:\/\/www.deaixa.com\/palbiro\/wp-json\/wp\/v2\/types\/post"}],"author":[{"embeddable":true,"href":"https:\/\/www.deaixa.com\/palbiro\/wp-json\/wp\/v2\/users\/2"}],"replies":[{"embeddable":true,"href":"https:\/\/www.deaixa.com\/palbiro\/wp-json\/wp\/v2\/comments?post=1155"}],"version-history":[{"count":4,"href":"https:\/\/www.deaixa.com\/palbiro\/wp-json\/wp\/v2\/posts\/1155\/revisions"}],"predecessor-version":[{"id":1974,"href":"https:\/\/www.deaixa.com\/palbiro\/wp-json\/wp\/v2\/posts\/1155\/revisions\/1974"}],"wp:featuredmedia":[{"embeddable":true,"href":"https:\/\/www.deaixa.com\/palbiro\/wp-json\/wp\/v2\/media\/509"}],"wp:attachment":[{"href":"https:\/\/www.deaixa.com\/palbiro\/wp-json\/wp\/v2\/media?parent=1155"}],"wp:term":[{"taxonomy":"category","embeddable":true,"href":"https:\/\/www.deaixa.com\/palbiro\/wp-json\/wp\/v2\/categories?post=1155"},{"taxonomy":"post_tag","embeddable":true,"href":"https:\/\/www.deaixa.com\/palbiro\/wp-json\/wp\/v2\/tags?post=1155"}],"curies":[{"name":"wp","href":"https:\/\/api.w.org\/{rel}","templated":true}]}}