{"id":151,"date":"2013-06-01T10:00:18","date_gmt":"2013-06-01T10:00:18","guid":{"rendered":"http:\/\/cablegrafica.com\/palbiro\/?p=151"},"modified":"2013-06-01T10:00:18","modified_gmt":"2013-06-01T10:00:18","slug":"chachapoyas-junio","status":"publish","type":"post","link":"https:\/\/www.deaixa.com\/palbiro\/2013\/06\/chachapoyas-junio\/","title":{"rendered":"Chachapoyas y Leymebamba &#8211; Junio y Julio 2013"},"content":{"rendered":"<p style=\"text-align: center;\"><strong>Galer\u00eda de Arte &#8220;Luis Herrera Castro&#8221;<\/strong><br>En La Direcci\u00f3n Regional de Cultura.<br>Per\u00fa<br>Junio y Julio&nbsp; 2013<\/p>\n<p><\/p>\n\n\n<div class=\"wp-block-image\"><figure class=\"aligncenter size-full\"><img loading=\"lazy\" decoding=\"async\" width=\"583\" height=\"800\" src=\"https:\/\/www.deaixa.com\/palbiro\/wp-content\/uploads\/2013\/08\/Chachapoyas_y_Leymebamba2013-e1414649181161-1-1.jpg\" alt=\"\" class=\"wp-image-106\" srcset=\"https:\/\/www.deaixa.com\/palbiro\/wp-content\/uploads\/2013\/08\/Chachapoyas_y_Leymebamba2013-e1414649181161-1-1.jpg 583w, https:\/\/www.deaixa.com\/palbiro\/wp-content\/uploads\/2013\/08\/Chachapoyas_y_Leymebamba2013-e1414649181161-1-1-219x300.jpg 219w\" sizes=\"auto, (max-width: 583px) 100vw, 583px\" \/><\/figure><\/div>\n\n\n\n<div class=\"wp-block-image\"><figure class=\"aligncenter size-full\"><img loading=\"lazy\" decoding=\"async\" width=\"900\" height=\"675\" src=\"https:\/\/www.deaixa.com\/palbiro\/wp-content\/uploads\/2013\/08\/chachapoyas2013-1-1.jpg\" alt=\"\" class=\"wp-image-154\" srcset=\"https:\/\/www.deaixa.com\/palbiro\/wp-content\/uploads\/2013\/08\/chachapoyas2013-1-1.jpg 900w, https:\/\/www.deaixa.com\/palbiro\/wp-content\/uploads\/2013\/08\/chachapoyas2013-1-1-300x225.jpg 300w, https:\/\/www.deaixa.com\/palbiro\/wp-content\/uploads\/2013\/08\/chachapoyas2013-1-1-768x576.jpg 768w\" sizes=\"auto, (max-width: 900px) 100vw, 900px\" \/><\/figure><\/div>\n\n\n\n<div class=\"wp-block-image\"><figure class=\"aligncenter size-full\"><img loading=\"lazy\" decoding=\"async\" width=\"900\" height=\"675\" src=\"https:\/\/www.deaixa.com\/palbiro\/wp-content\/uploads\/2013\/08\/chachapoyas2_2013-1-1.jpg\" alt=\"\" class=\"wp-image-152\" srcset=\"https:\/\/www.deaixa.com\/palbiro\/wp-content\/uploads\/2013\/08\/chachapoyas2_2013-1-1.jpg 900w, https:\/\/www.deaixa.com\/palbiro\/wp-content\/uploads\/2013\/08\/chachapoyas2_2013-1-1-300x225.jpg 300w, https:\/\/www.deaixa.com\/palbiro\/wp-content\/uploads\/2013\/08\/chachapoyas2_2013-1-1-768x576.jpg 768w\" sizes=\"auto, (max-width: 900px) 100vw, 900px\" \/><\/figure><\/div>\n\n\n\n<p><\/p>\n","protected":false},"excerpt":{"rendered":"<p>Galer\u00eda de Arte &#8220;Luis Herrera Castro&#8221;En La Direcci\u00f3n Regional de Cultura.Per\u00faJunio y Julio&nbsp; 2013<\/p>\n","protected":false},"author":2,"featured_media":206,"comment_status":"closed","ping_status":"closed","sticky":false,"template":"","format":"gallery","meta":{"footnotes":""},"categories":[5,6,9],"tags":[],"class_list":["entry","author-webmaster","post-151","post","type-post","status-publish","format-gallery","has-post-thumbnail","category-dipticos","category-el-camino-mistico","category-exposiciones"],"_links":{"self":[{"href":"https:\/\/www.deaixa.com\/palbiro\/wp-json\/wp\/v2\/posts\/151","targetHints":{"allow":["GET"]}}],"collection":[{"href":"https:\/\/www.deaixa.com\/palbiro\/wp-json\/wp\/v2\/posts"}],"about":[{"href":"https:\/\/www.deaixa.com\/palbiro\/wp-json\/wp\/v2\/types\/post"}],"author":[{"embeddable":true,"href":"https:\/\/www.deaixa.com\/palbiro\/wp-json\/wp\/v2\/users\/2"}],"replies":[{"embeddable":true,"href":"https:\/\/www.deaixa.com\/palbiro\/wp-json\/wp\/v2\/comments?post=151"}],"version-history":[{"count":0,"href":"https:\/\/www.deaixa.com\/palbiro\/wp-json\/wp\/v2\/posts\/151\/revisions"}],"wp:featuredmedia":[{"embeddable":true,"href":"https:\/\/www.deaixa.com\/palbiro\/wp-json\/wp\/v2\/media\/206"}],"wp:attachment":[{"href":"https:\/\/www.deaixa.com\/palbiro\/wp-json\/wp\/v2\/media?parent=151"}],"wp:term":[{"taxonomy":"category","embeddable":true,"href":"https:\/\/www.deaixa.com\/palbiro\/wp-json\/wp\/v2\/categories?post=151"},{"taxonomy":"post_tag","embeddable":true,"href":"https:\/\/www.deaixa.com\/palbiro\/wp-json\/wp\/v2\/tags?post=151"}],"curies":[{"name":"wp","href":"https:\/\/api.w.org\/{rel}","templated":true}]}}