{"id":1666,"date":"2019-11-06T01:26:52","date_gmt":"2019-11-06T01:26:52","guid":{"rendered":"https:\/\/palbiro.com\/?p=1370"},"modified":"2019-11-06T01:26:52","modified_gmt":"2019-11-06T01:26:52","slug":"machu-picchu-iluminado-e-impromptus","status":"publish","type":"post","link":"https:\/\/www.deaixa.com\/palbiro\/2019\/11\/machu-picchu-iluminado-e-impromptus\/","title":{"rendered":"Machu Picchu Iluminado e Impromptus &#8211; Noviembre 2019"},"content":{"rendered":"<h3 style=\"text-align: center;\">Estan invitados a la inauguraci\u00f3n de MACHU PICCHU ILUMINADO E IMPROMPTUS.<\/h3>\n<h3 style=\"text-align: center;\">El viernes 8 de noviembre 2019<br>a las 6:30 pm<br>en la Galeria de Arte A. B. Legu\u00eda<br>del Parque de la Amistad<br>Santiago de Surco.<\/h3>\n<div style=\"text-align: center;\">Palbiro expone 20 oleos de formato grande de Machu Picchu y 12 acr\u00edlicos de la serie mas personal, Impromptus.<\/div>\n<div style=\"text-align: center;\"><strong>Est\u00e1 lind\u00edsima la colecci\u00f3n.<\/strong><\/div>\n\n\n<div class=\"wp-block-image\"><figure class=\"aligncenter size-large is-resized\"><img loading=\"lazy\" decoding=\"async\" src=\"https:\/\/www.deaixa.com\/palbiro\/wp-content\/uploads\/2019\/11\/BANNER_Exposicio\u0301n-Palbiro-640x1024.jpg\" alt=\"\" class=\"wp-image-1377\" width=\"320\" height=\"512\"\/><\/figure><\/div>\n\n\n\n<div class=\"wp-block-image\"><figure class=\"aligncenter size-large is-resized\"><img loading=\"lazy\" decoding=\"async\" src=\"https:\/\/www.deaixa.com\/palbiro\/wp-content\/uploads\/2019\/11\/MACHU-PICCHU-2019-1.png\" alt=\"\" class=\"wp-image-1394\" width=\"554\" height=\"550\"\/><\/figure><\/div>\n\n\n\n<div class=\"wp-block-image\"><figure class=\"aligncenter size-large\"><img decoding=\"async\" src=\"https:\/\/www.deaixa.com\/palbiro\/wp-content\/uploads\/2019\/11\/MACHU-PICCHU-2019-2.png\" alt=\"\" class=\"wp-image-1395\"\/><\/figure><\/div>\n\n\n\n<div class=\"wp-block-image\"><figure class=\"aligncenter size-large\"><img decoding=\"async\" src=\"https:\/\/www.deaixa.com\/palbiro\/wp-content\/uploads\/2019\/11\/MACHU-PICCHU-2019-3.png\" alt=\"\" class=\"wp-image-1396\"\/><\/figure><\/div>\n\n\n\n<div class=\"wp-block-image\"><figure class=\"aligncenter size-large\"><img decoding=\"async\" src=\"https:\/\/www.deaixa.com\/palbiro\/wp-content\/uploads\/2019\/11\/MACHU-PICCHU-2019-4.png\" alt=\"\" class=\"wp-image-1397\"\/><\/figure><\/div>\n\n\n\n<div class=\"wp-block-image\"><figure class=\"aligncenter size-large\"><img decoding=\"async\" src=\"https:\/\/www.deaixa.com\/palbiro\/wp-content\/uploads\/2019\/11\/MACHU-PICCHU-2019-5.png\" alt=\"\" class=\"wp-image-1398\"\/><\/figure><\/div>\n\n\n\n<div class=\"wp-block-image\"><figure class=\"aligncenter size-large\"><img decoding=\"async\" src=\"https:\/\/www.deaixa.com\/palbiro\/wp-content\/uploads\/2019\/11\/MACHU-PICCHU-2019-6-1.png\" alt=\"\" class=\"wp-image-1399\"\/><\/figure><\/div>\n","protected":false},"excerpt":{"rendered":"<p>Estan invitados a la inauguraci\u00f3n de MACHU PICCHU ILUMINADO E IMPROMPTUS. El viernes 8 de noviembre 2019a las 6:30 pmen la Galeria de Arte A. B. Legu\u00edadel Parque de la AmistadSantiago de Surco. Palbiro expone 20 oleos de formato grande de Machu Picchu y 12 acr\u00edlicos de la serie mas personal, Impromptus. Est\u00e1 lind\u00edsima la colecci\u00f3n.<\/p>\n","protected":false},"author":2,"featured_media":1704,"comment_status":"closed","ping_status":"closed","sticky":false,"template":"","format":"standard","meta":{"footnotes":""},"categories":[9,12],"tags":[],"class_list":["entry","author-webmaster","post-1666","post","type-post","status-publish","format-standard","has-post-thumbnail","category-exposiciones","category-machu-picchu-iluminado-e-impromptus"],"_links":{"self":[{"href":"https:\/\/www.deaixa.com\/palbiro\/wp-json\/wp\/v2\/posts\/1666","targetHints":{"allow":["GET"]}}],"collection":[{"href":"https:\/\/www.deaixa.com\/palbiro\/wp-json\/wp\/v2\/posts"}],"about":[{"href":"https:\/\/www.deaixa.com\/palbiro\/wp-json\/wp\/v2\/types\/post"}],"author":[{"embeddable":true,"href":"https:\/\/www.deaixa.com\/palbiro\/wp-json\/wp\/v2\/users\/2"}],"replies":[{"embeddable":true,"href":"https:\/\/www.deaixa.com\/palbiro\/wp-json\/wp\/v2\/comments?post=1666"}],"version-history":[{"count":0,"href":"https:\/\/www.deaixa.com\/palbiro\/wp-json\/wp\/v2\/posts\/1666\/revisions"}],"wp:featuredmedia":[{"embeddable":true,"href":"https:\/\/www.deaixa.com\/palbiro\/wp-json\/wp\/v2\/media\/1704"}],"wp:attachment":[{"href":"https:\/\/www.deaixa.com\/palbiro\/wp-json\/wp\/v2\/media?parent=1666"}],"wp:term":[{"taxonomy":"category","embeddable":true,"href":"https:\/\/www.deaixa.com\/palbiro\/wp-json\/wp\/v2\/categories?post=1666"},{"taxonomy":"post_tag","embeddable":true,"href":"https:\/\/www.deaixa.com\/palbiro\/wp-json\/wp\/v2\/tags?post=1666"}],"curies":[{"name":"wp","href":"https:\/\/api.w.org\/{rel}","templated":true}]}}