{"id":192,"date":"2015-04-14T09:02:24","date_gmt":"2015-04-14T09:02:24","guid":{"rendered":"http:\/\/cablegrafica.com\/palbiro\/?p=192"},"modified":"2015-04-14T09:02:24","modified_gmt":"2015-04-14T09:02:24","slug":"moyobamba-diario-voces","status":"publish","type":"post","link":"https:\/\/www.deaixa.com\/palbiro\/2015\/04\/moyobamba-diario-voces\/","title":{"rendered":"Moyobamba: Diario Voces"},"content":{"rendered":"<p><span class=\"Apple-style-span\" style=\"font-size: 20px; font-weight: bold;\">Palbiro realizar\u00e1 exposici\u00f3n<br \/>\nCamino M\u00edstico de la Amazon\u00eda<\/span><\/p>\n<table>\n<tbody>\n<tr>\n<td><a href=\"https:\/\/deaixa.net\/palbiro\/wp-content\/uploads\/2013\/08\/diariovoces.jpg\"><img loading=\"lazy\" decoding=\"async\" class=\"size-full wp-image-196 alignnone\" style=\"margin-top: 8px; margin-bottom: 8px;\" src=\"https:\/\/deaixa.net\/palbiro\/wp-content\/uploads\/2013\/08\/diariovoces.jpg\" alt=\"diariovoces\" width=\"450\" height=\"351\" \/><\/a><\/td>\n<\/tr>\n<\/tbody>\n<\/table>\n<p><strong>Moyobamba.<\/strong> El Gobierno Regional a trav\u00e9s del Proyecto \u201cRescate y afirmaci\u00f3n de las expresiones culturales de la regi\u00f3n San Mart\u00edn\u201d, en convenio con la Direcci\u00f3n Regional de Cultura, viene impulsando la exposici\u00f3n itinerante \u201cCamino M\u00edstico en la Amazon\u00eda\u201d, el arte sobre lienzos del artista lime\u00f1o Pablo Ribeiro Lora, conocido tambi\u00e9n con el apelativo de \u201cPalbiro\u201d.<\/p>\n<p>Esta primera muestra itinerante tiene en su lista de espera a los departamentos de Amazonas, Loreto y Cuzco. A inicios del a\u00f1o abarc\u00f3 Lima, siendo ahora el turno del departamento de San Mart\u00edn, centr\u00e1ndose en las ciudades de Moyobamba y Tarapoto, a partir del 25 de abril hasta el 13 de mayo, y del 15 al 23 de mayo, respectivamente. En Moyobamba la exposici\u00f3n ser\u00e1 en los ambientes de la Direcci\u00f3n Regional de Cultura, que abrir\u00e1 sus puertas para compartir con la poblaci\u00f3n el arte sobre lienzos.<\/p>\n<p>Palbiro, decidido a aportar con la descentralizaci\u00f3n de la cultura en el Per\u00fa, se ha comprometido en mostrar su talento en diferentes ciudades del pa\u00eds, mediante el apoyo de los gobiernos locales y regionales. \u201cPara conseguirlo, se debe realizar a trav\u00e9s de una educaci\u00f3n art\u00edstica, \u00fanico modo de refinar la sensibilidad de campesinos y lugare\u00f1os desfavorecidos o excluidos de la sociedad nacional\u201d, manifest\u00f3.<\/p>\n<p>Por su parte, el Coordinador General del Proyecto Cultural, Edilberto Ram\u00edrez Cruzado, resalt\u00f3 la importancia de mostrar la cultura a trav\u00e9s de piezas art\u00edsticas en la regi\u00f3n, y mucho m\u00e1s si tiene el toque familiar, como \u00e9stas que est\u00e1n inspiradas en los bosques y fauna sanmartinense. Adem\u00e1s, manifest\u00f3 que, por ser la expresi\u00f3n art\u00edstica la forma de canalizar ideas y sensaciones intelectuales, hace falta una mayor concientizaci\u00f3n sobre el tema.<\/p>\n<p>Fuente del art\u00edculo:<a href=\"https:\/\/diariovoces.com.pe\/2790\/palbiro-realizara-exposicion-camino-mistico-de-la-amazonia#ixzz2covZdIgL\" target=\"_blank\" rel=\"noopener noreferrer\">\u00a0https:\/\/diariovoces.com.pe\/2790\/palbiro-realizara-exposicion-camino-mistico-de-la-amazonia#ixzz2covZdIgL<\/a><\/p>\n","protected":false},"excerpt":{"rendered":"<p>Palbiro realizar\u00e1 exposici\u00f3n Camino M\u00edstico de la Amazon\u00eda Moyobamba. El Gobierno Regional a trav\u00e9s del Proyecto \u201cRescate y afirmaci\u00f3n de las expresiones culturales de la regi\u00f3n San Mart\u00edn\u201d, en convenio con la Direcci\u00f3n Regional de Cultura, viene impulsando la exposici\u00f3n itinerante \u201cCamino M\u00edstico en la Amazon\u00eda\u201d, el arte sobre lienzos del artista lime\u00f1o Pablo Ribeiro Lora, conocido tambi\u00e9n con el apelativo de \u201cPalbiro\u201d. Esta primera muestra itinerante tiene en su lista de espera a los departamentos de Amazonas, Loreto y Cuzco. A inicios del a\u00f1o abarc\u00f3 Lima, siendo ahora el turno del departamento de San Mart\u00edn, centr\u00e1ndose en las ciudades de Moyobamba y Tarapoto, a<span class=\"more-link\"><a href=\"https:\/\/www.deaixa.com\/palbiro\/2015\/04\/moyobamba-diario-voces\/\">Seguir Leyendo<\/a><\/span><\/p>\n","protected":false},"author":2,"featured_media":0,"comment_status":"closed","ping_status":"closed","sticky":false,"template":"","format":"standard","meta":{"footnotes":""},"categories":[13],"tags":[],"class_list":["entry","author-webmaster","post-192","post","type-post","status-publish","format-standard","category-notas-de-prensa"],"_links":{"self":[{"href":"https:\/\/www.deaixa.com\/palbiro\/wp-json\/wp\/v2\/posts\/192","targetHints":{"allow":["GET"]}}],"collection":[{"href":"https:\/\/www.deaixa.com\/palbiro\/wp-json\/wp\/v2\/posts"}],"about":[{"href":"https:\/\/www.deaixa.com\/palbiro\/wp-json\/wp\/v2\/types\/post"}],"author":[{"embeddable":true,"href":"https:\/\/www.deaixa.com\/palbiro\/wp-json\/wp\/v2\/users\/2"}],"replies":[{"embeddable":true,"href":"https:\/\/www.deaixa.com\/palbiro\/wp-json\/wp\/v2\/comments?post=192"}],"version-history":[{"count":0,"href":"https:\/\/www.deaixa.com\/palbiro\/wp-json\/wp\/v2\/posts\/192\/revisions"}],"wp:attachment":[{"href":"https:\/\/www.deaixa.com\/palbiro\/wp-json\/wp\/v2\/media?parent=192"}],"wp:term":[{"taxonomy":"category","embeddable":true,"href":"https:\/\/www.deaixa.com\/palbiro\/wp-json\/wp\/v2\/categories?post=192"},{"taxonomy":"post_tag","embeddable":true,"href":"https:\/\/www.deaixa.com\/palbiro\/wp-json\/wp\/v2\/tags?post=192"}],"curies":[{"name":"wp","href":"https:\/\/api.w.org\/{rel}","templated":true}]}}