{"id":23,"date":"2015-04-15T23:28:37","date_gmt":"2015-04-15T23:28:37","guid":{"rendered":"http:\/\/cablegrafica.com\/palbiro\/?p=23"},"modified":"2015-04-15T23:28:37","modified_gmt":"2015-04-15T23:28:37","slug":"notas-de-prensa-el-museo-de-arte-de-san-marcos","status":"publish","type":"post","link":"https:\/\/www.deaixa.com\/palbiro\/2015\/04\/notas-de-prensa-el-museo-de-arte-de-san-marcos\/","title":{"rendered":"Prensa: &#8220;La Republica&#8221;"},"content":{"rendered":"<h3>Realizan exposici\u00f3n pict\u00f3rica y sugerente: \u201cCamino m\u00edstico en la Amazon\u00eda&#8221;<\/h3>\n<p>El Museo de Arte de San Marcos<br \/>\nDomingo, 27 de enero de 2013 | 3:49 pm<\/p>\n<p><a href=\"https:\/\/www.larepublica.pe\/27-01-2013\/realizan-exposicion-pictorica-y-sugerente-camino-mistico-en-la-amazonia\" target=\"_blank\" rel=\"noopener noreferrer\">https:\/\/www.larepublica.pe\/27-01-2013\/realizan-exposicion-pictorica-y-sugerente-camino-mistico-en-la-amazonia<\/a><\/p>\n<p>El<strong>\u00a0Museo de Arte de San Marcos<\/strong>\u00a0viene presentando la exposici\u00f3n<a href=\"https:\/\/www.larepublica.pe\/17-01-2013\/inauguran-la-exposicion-camino-mistico-en-la-amazonia\" target=\"_blank\" rel=\"noopener noreferrer\">\u00a0\u201cCamino m\u00edstico en la Amazon\u00eda\u201d<\/a>, del reconocido\u00a0<strong>artista Pablo Ribeiro Lora (Palbiro)<\/strong>, que est\u00e1 inspirada en la<strong>\u00a0frondosa flora y en la fauna fluvial de la selva peruana<\/strong>, donde el ser humano se sugiere a trav\u00e9s de estilizadas siluetas.<\/p>\n<p>La exposici\u00f3n, que comprende\u00a0<strong>40 cuadros<\/strong>\u00a0&#8211; 25 \u00f3leos y 15 carboncillos &#8211; concebidos dentro de la\u00a0<strong>tem\u00e1tica m\u00edstica<\/strong>\u00a0y con un\u00a0<strong>estilo naif<\/strong>, propone crear conciencia en la necesidad de la descentralizaci\u00f3n de la actividad art\u00edstica.<\/p>\n<p>Al respecto la curader\u00eda sostiene que &#8220;la\u00a0<strong>descentralizaci\u00f3n de la cultura\u00a0<\/strong>se debe realizar a trav\u00e9s de una educaci\u00f3n art\u00edstica, \u00fanico modo de refinar la sensibilidad de campesinos y lugare\u00f1os desfavorecidos o excluidos de la sociedad nacional&#8221;.<\/p>\n<p>Cabe resaltar que en los \u00faltimos 15 a\u00f1os,\u00a0<strong>Palbiro<\/strong>, quien es adem\u00e1s\u00a0<strong>m\u00fasico, cantante l\u00edrico y escritor<\/strong>, ha residido, visitado y educado en diversos lugares de la Amazon\u00eda, de ah\u00ed que la fuente matriz de su inspiraci\u00f3n sea, precisamente, los paisajes de esa regi\u00f3n.<\/p>\n<p>La muestra puede ser visitada\u00a0<strong>hasta el 9 de febrero\u00a0<\/strong>en la Sala Vinatea Reinoso del<strong>Centro Cultural de San Marcos\u00a0<\/strong>(Av. Nicol\u00e1s de Pi\u00e9rola 1222, Centro de Lima), de<strong>lunes a s\u00e1bado de de 10 am. a 1 pm. y de 2 pm. a 5 pm<\/strong>. El ingreso es libre.<\/p>\n<p><a href=\"https:\/\/deaixa.net\/palbiro\/wp-content\/uploads\/2013\/08\/imagen-Muestra.jpg\"><img loading=\"lazy\" decoding=\"async\" class=\"aligncenter wp-image-293 size-full\" src=\"https:\/\/deaixa.net\/palbiro\/wp-content\/uploads\/2013\/08\/imagen-Muestra.jpg\" alt=\"imagen-Muestra\" width=\"640\" height=\"384\" \/><\/a><br \/>\nUna de las obras de &#8216;Palbiro&#8217;<\/p>\n","protected":false},"excerpt":{"rendered":"<p>Realizan exposici\u00f3n pict\u00f3rica y sugerente: \u201cCamino m\u00edstico en la Amazon\u00eda&#8221; El Museo de Arte de San Marcos Domingo, 27 de enero de 2013 | 3:49 pm https:\/\/www.larepublica.pe\/27-01-2013\/realizan-exposicion-pictorica-y-sugerente-camino-mistico-en-la-amazonia El\u00a0Museo de Arte de San Marcos\u00a0viene presentando la exposici\u00f3n\u00a0\u201cCamino m\u00edstico en la Amazon\u00eda\u201d, del reconocido\u00a0artista Pablo Ribeiro Lora (Palbiro), que est\u00e1 inspirada en la\u00a0frondosa flora y en la fauna fluvial de la selva peruana, donde el ser humano se sugiere a trav\u00e9s de estilizadas siluetas. La exposici\u00f3n, que comprende\u00a040 cuadros\u00a0&#8211; 25 \u00f3leos y 15 carboncillos &#8211; concebidos dentro de la\u00a0tem\u00e1tica m\u00edstica\u00a0y con un\u00a0estilo naif, propone crear conciencia en la necesidad de la descentralizaci\u00f3n de la actividad art\u00edstica. Al<span class=\"more-link\"><a href=\"https:\/\/www.deaixa.com\/palbiro\/2015\/04\/notas-de-prensa-el-museo-de-arte-de-san-marcos\/\">Seguir Leyendo<\/a><\/span><\/p>\n","protected":false},"author":2,"featured_media":0,"comment_status":"closed","ping_status":"closed","sticky":false,"template":"","format":"standard","meta":{"footnotes":""},"categories":[13],"tags":[],"class_list":["entry","author-webmaster","post-23","post","type-post","status-publish","format-standard","category-notas-de-prensa"],"_links":{"self":[{"href":"https:\/\/www.deaixa.com\/palbiro\/wp-json\/wp\/v2\/posts\/23","targetHints":{"allow":["GET"]}}],"collection":[{"href":"https:\/\/www.deaixa.com\/palbiro\/wp-json\/wp\/v2\/posts"}],"about":[{"href":"https:\/\/www.deaixa.com\/palbiro\/wp-json\/wp\/v2\/types\/post"}],"author":[{"embeddable":true,"href":"https:\/\/www.deaixa.com\/palbiro\/wp-json\/wp\/v2\/users\/2"}],"replies":[{"embeddable":true,"href":"https:\/\/www.deaixa.com\/palbiro\/wp-json\/wp\/v2\/comments?post=23"}],"version-history":[{"count":0,"href":"https:\/\/www.deaixa.com\/palbiro\/wp-json\/wp\/v2\/posts\/23\/revisions"}],"wp:attachment":[{"href":"https:\/\/www.deaixa.com\/palbiro\/wp-json\/wp\/v2\/media?parent=23"}],"wp:term":[{"taxonomy":"category","embeddable":true,"href":"https:\/\/www.deaixa.com\/palbiro\/wp-json\/wp\/v2\/categories?post=23"},{"taxonomy":"post_tag","embeddable":true,"href":"https:\/\/www.deaixa.com\/palbiro\/wp-json\/wp\/v2\/tags?post=23"}],"curies":[{"name":"wp","href":"https:\/\/api.w.org\/{rel}","templated":true}]}}