{"id":60,"date":"2014-04-12T13:00:56","date_gmt":"2014-04-12T13:00:56","guid":{"rendered":"http:\/\/cablegrafica.com\/palbiro\/?p=60"},"modified":"2022-10-01T22:36:25","modified_gmt":"2022-10-01T22:36:25","slug":"camino-mistico-2013","status":"publish","type":"post","link":"https:\/\/www.deaixa.com\/palbiro\/2014\/04\/camino-mistico-2013\/","title":{"rendered":"\u201cCamino m\u00edstico en la Amazon\u00eda\u201d &#8211;  Las Obras"},"content":{"rendered":"<p style=\"text-align: center;\">PRIMERA MUESTRA PLASTICA INDIVIDUAL E ITINERANTE DE<br \/>\n<strong>PALBIRO<\/strong><\/p>\n<p style=\"text-align: center;\">2013<\/p>\n<p>\u201cCamino m\u00edstico en la Amazon\u00eda\u201d est\u00e1 inspirada en la&nbsp;frondosa flora y en la fauna fluvial de la selva peruana, donde el ser humano se sugiere a trav\u00e9s de estilizadas siluetas. La exposici\u00f3n, que comprende&nbsp;40 cuadros&nbsp;&#8211; 25 \u00f3leos y 15 carboncillos &#8211; concebidos dentro de la&nbsp;tem\u00e1tica m\u00edstica&nbsp;y con un&nbsp;estilo naif, propone crear conciencia en la necesidad de la descentralizaci\u00f3n de la actividad art\u00edstica.<\/p>\n\n\t\t\t<div id=\"60-1\" class=\"gallery gallery-60 gallery-col-3 gallery-columns-3 gallery-size-full\" itemscope itemtype=\"https:\/\/schema.org\/ImageGallery\">\n\t\t\t\t\t<figure class='gallery-item col-3' itemprop='associatedMedia' itemscope itemtype='https:\/\/schema.org\/ImageObject'>\n\t\t\t\t\t\t<div class='gallery-icon landscape'><a href='https:\/\/www.deaixa.com\/palbiro\/wp-content\/uploads\/2013\/08\/P1070136-FLOR-ESPACIAL-1-1.jpg' itemprop=\"contentURL\"><img loading=\"lazy\" decoding=\"async\" width=\"900\" height=\"634\" src=\"https:\/\/www.deaixa.com\/palbiro\/wp-content\/uploads\/2013\/08\/P1070136-FLOR-ESPACIAL-1-1.jpg\" class=\"attachment-full size-full\" alt=\"\" srcset=\"https:\/\/www.deaixa.com\/palbiro\/wp-content\/uploads\/2013\/08\/P1070136-FLOR-ESPACIAL-1-1.jpg 900w, https:\/\/www.deaixa.com\/palbiro\/wp-content\/uploads\/2013\/08\/P1070136-FLOR-ESPACIAL-1-1-300x211.jpg 300w, https:\/\/www.deaixa.com\/palbiro\/wp-content\/uploads\/2013\/08\/P1070136-FLOR-ESPACIAL-1-1-768x541.jpg 768w\" sizes=\"auto, (max-width: 900px) 100vw, 900px\" aria-describedby=\"figcaption-60-99\" itemprop=\"thumbnail\" \/><\/a><\/div>\n\t\t\t\t\t\t<figcaption id=\"figcaption-60-99\" class=\"gallery-caption\" itemprop=\"caption\">FLOR ESPACIAL\nCarboncillo 2012<\/figcaption>\n\t\t\t\t\t<\/figure>\n\t\t\t\t\t<figure class='gallery-item col-3' itemprop='associatedMedia' itemscope itemtype='https:\/\/schema.org\/ImageObject'>\n\t\t\t\t\t\t<div class='gallery-icon landscape'><a href='https:\/\/www.deaixa.com\/palbiro\/wp-content\/uploads\/2013\/08\/P1070100-CAMINO-MISTICO-I-1-1.jpg' itemprop=\"contentURL\"><img loading=\"lazy\" decoding=\"async\" width=\"1000\" height=\"993\" src=\"https:\/\/www.deaixa.com\/palbiro\/wp-content\/uploads\/2013\/08\/P1070100-CAMINO-MISTICO-I-1-1.jpg\" class=\"attachment-full size-full\" alt=\"\" srcset=\"https:\/\/www.deaixa.com\/palbiro\/wp-content\/uploads\/2013\/08\/P1070100-CAMINO-MISTICO-I-1-1.jpg 1000w, https:\/\/www.deaixa.com\/palbiro\/wp-content\/uploads\/2013\/08\/P1070100-CAMINO-MISTICO-I-1-1-300x298.jpg 300w, https:\/\/www.deaixa.com\/palbiro\/wp-content\/uploads\/2013\/08\/P1070100-CAMINO-MISTICO-I-1-1-150x150.jpg 150w, https:\/\/www.deaixa.com\/palbiro\/wp-content\/uploads\/2013\/08\/P1070100-CAMINO-MISTICO-I-1-1-768x763.jpg 768w\" sizes=\"auto, (max-width: 1000px) 100vw, 1000px\" aria-describedby=\"figcaption-60-207\" itemprop=\"thumbnail\" \/><\/a><\/div>\n\t\t\t\t\t\t<figcaption id=\"figcaption-60-207\" class=\"gallery-caption\" itemprop=\"caption\">CAMINO M\u00cdSTICO I\n\u00d3leo sobre lienzo 2009<\/figcaption>\n\t\t\t\t\t<\/figure>\n\t\t\t\t\t<figure class='gallery-item col-3' itemprop='associatedMedia' itemscope itemtype='https:\/\/schema.org\/ImageObject'>\n\t\t\t\t\t\t<div class='gallery-icon landscape'><a href='https:\/\/www.deaixa.com\/palbiro\/wp-content\/uploads\/2013\/08\/P1070097-CAMINO-MISTICO-II-e1414618887676-1-1.jpg' itemprop=\"contentURL\"><img loading=\"lazy\" decoding=\"async\" width=\"610\" height=\"600\" src=\"https:\/\/www.deaixa.com\/palbiro\/wp-content\/uploads\/2013\/08\/P1070097-CAMINO-MISTICO-II-e1414618887676-1-1.jpg\" class=\"attachment-full size-full\" alt=\"\" srcset=\"https:\/\/www.deaixa.com\/palbiro\/wp-content\/uploads\/2013\/08\/P1070097-CAMINO-MISTICO-II-e1414618887676-1-1.jpg 610w, https:\/\/www.deaixa.com\/palbiro\/wp-content\/uploads\/2013\/08\/P1070097-CAMINO-MISTICO-II-e1414618887676-1-1-300x295.jpg 300w\" sizes=\"auto, (max-width: 610px) 100vw, 610px\" aria-describedby=\"figcaption-60-208\" itemprop=\"thumbnail\" \/><\/a><\/div>\n\t\t\t\t\t\t<figcaption id=\"figcaption-60-208\" class=\"gallery-caption\" itemprop=\"caption\">CAMINO M\u00cdSTICO II\n\u00d3leo sobre lienzo 2009<\/figcaption>\n\t\t\t\t\t<\/figure>\n\t\t\t\t\t<figure class='gallery-item col-3' itemprop='associatedMedia' itemscope itemtype='https:\/\/schema.org\/ImageObject'>\n\t\t\t\t\t\t<div class='gallery-icon landscape'><a href='https:\/\/www.deaixa.com\/palbiro\/wp-content\/uploads\/2013\/08\/P1070096-CAMINO-MISTICO-III-1-1.jpg' itemprop=\"contentURL\"><img loading=\"lazy\" decoding=\"async\" width=\"1000\" height=\"996\" src=\"https:\/\/www.deaixa.com\/palbiro\/wp-content\/uploads\/2013\/08\/P1070096-CAMINO-MISTICO-III-1-1.jpg\" class=\"attachment-full size-full\" alt=\"\" srcset=\"https:\/\/www.deaixa.com\/palbiro\/wp-content\/uploads\/2013\/08\/P1070096-CAMINO-MISTICO-III-1-1.jpg 1000w, https:\/\/www.deaixa.com\/palbiro\/wp-content\/uploads\/2013\/08\/P1070096-CAMINO-MISTICO-III-1-1-300x300.jpg 300w, https:\/\/www.deaixa.com\/palbiro\/wp-content\/uploads\/2013\/08\/P1070096-CAMINO-MISTICO-III-1-1-150x150.jpg 150w, https:\/\/www.deaixa.com\/palbiro\/wp-content\/uploads\/2013\/08\/P1070096-CAMINO-MISTICO-III-1-1-768x765.jpg 768w\" sizes=\"auto, (max-width: 1000px) 100vw, 1000px\" aria-describedby=\"figcaption-60-206\" itemprop=\"thumbnail\" \/><\/a><\/div>\n\t\t\t\t\t\t<figcaption id=\"figcaption-60-206\" class=\"gallery-caption\" itemprop=\"caption\">CAMINO M\u00cdSTICO III\n\u00d3leo sobre lienzo 2009<\/figcaption>\n\t\t\t\t\t<\/figure>\n\t\t\t\t\t<figure class='gallery-item col-3' itemprop='associatedMedia' itemscope itemtype='https:\/\/schema.org\/ImageObject'>\n\t\t\t\t\t\t<div class='gallery-icon landscape'><a href='https:\/\/www.deaixa.com\/palbiro\/wp-content\/uploads\/2013\/08\/P1070105-CUEVA-ESPACIAL-1-1.jpg' itemprop=\"contentURL\"><img loading=\"lazy\" decoding=\"async\" width=\"1000\" height=\"789\" src=\"https:\/\/www.deaixa.com\/palbiro\/wp-content\/uploads\/2013\/08\/P1070105-CUEVA-ESPACIAL-1-1.jpg\" class=\"attachment-full size-full\" alt=\"\" srcset=\"https:\/\/www.deaixa.com\/palbiro\/wp-content\/uploads\/2013\/08\/P1070105-CUEVA-ESPACIAL-1-1.jpg 1000w, https:\/\/www.deaixa.com\/palbiro\/wp-content\/uploads\/2013\/08\/P1070105-CUEVA-ESPACIAL-1-1-300x237.jpg 300w, https:\/\/www.deaixa.com\/palbiro\/wp-content\/uploads\/2013\/08\/P1070105-CUEVA-ESPACIAL-1-1-768x606.jpg 768w\" sizes=\"auto, (max-width: 1000px) 100vw, 1000px\" aria-describedby=\"figcaption-60-211\" itemprop=\"thumbnail\" \/><\/a><\/div>\n\t\t\t\t\t\t<figcaption id=\"figcaption-60-211\" class=\"gallery-caption\" itemprop=\"caption\">CUEVA ESPACIAL\n\u00d3leo sobre lienzo 2012<\/figcaption>\n\t\t\t\t\t<\/figure>\n\t\t\t\t\t<figure class='gallery-item col-3' itemprop='associatedMedia' itemscope itemtype='https:\/\/schema.org\/ImageObject'>\n\t\t\t\t\t\t<div class='gallery-icon portrait'><a href='https:\/\/www.deaixa.com\/palbiro\/wp-content\/uploads\/2013\/08\/P1070115-TOQUE-DE-AMOR-1-1.jpg' itemprop=\"contentURL\"><img loading=\"lazy\" decoding=\"async\" width=\"1000\" height=\"1286\" src=\"https:\/\/www.deaixa.com\/palbiro\/wp-content\/uploads\/2013\/08\/P1070115-TOQUE-DE-AMOR-1-1.jpg\" class=\"attachment-full size-full\" alt=\"\" srcset=\"https:\/\/www.deaixa.com\/palbiro\/wp-content\/uploads\/2013\/08\/P1070115-TOQUE-DE-AMOR-1-1.jpg 1000w, https:\/\/www.deaixa.com\/palbiro\/wp-content\/uploads\/2013\/08\/P1070115-TOQUE-DE-AMOR-1-1-233x300.jpg 233w, https:\/\/www.deaixa.com\/palbiro\/wp-content\/uploads\/2013\/08\/P1070115-TOQUE-DE-AMOR-1-1-796x1024.jpg 796w, https:\/\/www.deaixa.com\/palbiro\/wp-content\/uploads\/2013\/08\/P1070115-TOQUE-DE-AMOR-1-1-768x988.jpg 768w\" sizes=\"auto, (max-width: 1000px) 100vw, 1000px\" aria-describedby=\"figcaption-60-212\" itemprop=\"thumbnail\" \/><\/a><\/div>\n\t\t\t\t\t\t<figcaption id=\"figcaption-60-212\" class=\"gallery-caption\" itemprop=\"caption\">TOQUE DE AMOR\nCarboncillo 2012<\/figcaption>\n\t\t\t\t\t<\/figure>\n\t\t\t\t\t<figure class='gallery-item col-3' itemprop='associatedMedia' itemscope itemtype='https:\/\/schema.org\/ImageObject'>\n\t\t\t\t\t\t<div class='gallery-icon landscape'><a href='https:\/\/www.deaixa.com\/palbiro\/wp-content\/uploads\/2013\/08\/P1070113-VICTORIA-REGIA-1-1.jpg' itemprop=\"contentURL\"><img loading=\"lazy\" decoding=\"async\" width=\"1000\" height=\"693\" src=\"https:\/\/www.deaixa.com\/palbiro\/wp-content\/uploads\/2013\/08\/P1070113-VICTORIA-REGIA-1-1.jpg\" class=\"attachment-full size-full\" alt=\"\" srcset=\"https:\/\/www.deaixa.com\/palbiro\/wp-content\/uploads\/2013\/08\/P1070113-VICTORIA-REGIA-1-1.jpg 1000w, https:\/\/www.deaixa.com\/palbiro\/wp-content\/uploads\/2013\/08\/P1070113-VICTORIA-REGIA-1-1-300x208.jpg 300w, https:\/\/www.deaixa.com\/palbiro\/wp-content\/uploads\/2013\/08\/P1070113-VICTORIA-REGIA-1-1-768x532.jpg 768w\" sizes=\"auto, (max-width: 1000px) 100vw, 1000px\" aria-describedby=\"figcaption-60-210\" itemprop=\"thumbnail\" \/><\/a><\/div>\n\t\t\t\t\t\t<figcaption id=\"figcaption-60-210\" class=\"gallery-caption\" itemprop=\"caption\">VICTORIA REGIA\n\u00d3leo sobre lienzo 2012<\/figcaption>\n\t\t\t\t\t<\/figure>\n\t\t\t\t\t<figure class='gallery-item col-3' itemprop='associatedMedia' itemscope itemtype='https:\/\/schema.org\/ImageObject'>\n\t\t\t\t\t\t<div class='gallery-icon landscape'><a href='https:\/\/www.deaixa.com\/palbiro\/wp-content\/uploads\/2013\/08\/P1070110-NOCTURNO-AMAZONICO-1-1.jpg' itemprop=\"contentURL\"><img loading=\"lazy\" decoding=\"async\" width=\"1000\" height=\"680\" src=\"https:\/\/www.deaixa.com\/palbiro\/wp-content\/uploads\/2013\/08\/P1070110-NOCTURNO-AMAZONICO-1-1.jpg\" class=\"attachment-full size-full\" alt=\"\" srcset=\"https:\/\/www.deaixa.com\/palbiro\/wp-content\/uploads\/2013\/08\/P1070110-NOCTURNO-AMAZONICO-1-1.jpg 1000w, https:\/\/www.deaixa.com\/palbiro\/wp-content\/uploads\/2013\/08\/P1070110-NOCTURNO-AMAZONICO-1-1-300x204.jpg 300w, https:\/\/www.deaixa.com\/palbiro\/wp-content\/uploads\/2013\/08\/P1070110-NOCTURNO-AMAZONICO-1-1-768x522.jpg 768w\" sizes=\"auto, (max-width: 1000px) 100vw, 1000px\" aria-describedby=\"figcaption-60-209\" itemprop=\"thumbnail\" \/><\/a><\/div>\n\t\t\t\t\t\t<figcaption id=\"figcaption-60-209\" class=\"gallery-caption\" itemprop=\"caption\">NOCTURNO AMAZ\u00d3NICO\n\u00d3leo sobre lienzo 2012<\/figcaption>\n\t\t\t\t\t<\/figure>\n\t\t\t\t\t<figure class='gallery-item col-3' itemprop='associatedMedia' itemscope itemtype='https:\/\/schema.org\/ImageObject'>\n\t\t\t\t\t\t<div class='gallery-icon landscape'><a href='https:\/\/www.deaixa.com\/palbiro\/wp-content\/uploads\/2013\/08\/P1070154-VIDA-INTERIOR-e1414618074937-1-1.jpg' itemprop=\"contentURL\"><img loading=\"lazy\" decoding=\"async\" width=\"601\" height=\"600\" src=\"https:\/\/www.deaixa.com\/palbiro\/wp-content\/uploads\/2013\/08\/P1070154-VIDA-INTERIOR-e1414618074937-1-1.jpg\" class=\"attachment-full size-full\" alt=\"\" srcset=\"https:\/\/www.deaixa.com\/palbiro\/wp-content\/uploads\/2013\/08\/P1070154-VIDA-INTERIOR-e1414618074937-1-1.jpg 601w, https:\/\/www.deaixa.com\/palbiro\/wp-content\/uploads\/2013\/08\/P1070154-VIDA-INTERIOR-e1414618074937-1-1-300x300.jpg 300w, https:\/\/www.deaixa.com\/palbiro\/wp-content\/uploads\/2013\/08\/P1070154-VIDA-INTERIOR-e1414618074937-1-1-150x150.jpg 150w\" sizes=\"auto, (max-width: 601px) 100vw, 601px\" aria-describedby=\"figcaption-60-181\" itemprop=\"thumbnail\" \/><\/a><\/div>\n\t\t\t\t\t\t<figcaption id=\"figcaption-60-181\" class=\"gallery-caption\" itemprop=\"caption\">VIDA INTERIOR\nCarboncillo 2012<\/figcaption>\n\t\t\t\t\t<\/figure>\n\t\t\t\t\t<figure class='gallery-item col-3' itemprop='associatedMedia' itemscope itemtype='https:\/\/schema.org\/ImageObject'>\n\t\t\t\t\t\t<div class='gallery-icon landscape'><a href='https:\/\/www.deaixa.com\/palbiro\/wp-content\/uploads\/2013\/08\/P1070142-FUMADOR-CON-AVE-e1414617407807-1-1.jpg' itemprop=\"contentURL\"><img loading=\"lazy\" decoding=\"async\" width=\"606\" height=\"600\" src=\"https:\/\/www.deaixa.com\/palbiro\/wp-content\/uploads\/2013\/08\/P1070142-FUMADOR-CON-AVE-e1414617407807-1-1.jpg\" class=\"attachment-full size-full\" alt=\"\" srcset=\"https:\/\/www.deaixa.com\/palbiro\/wp-content\/uploads\/2013\/08\/P1070142-FUMADOR-CON-AVE-e1414617407807-1-1.jpg 606w, https:\/\/www.deaixa.com\/palbiro\/wp-content\/uploads\/2013\/08\/P1070142-FUMADOR-CON-AVE-e1414617407807-1-1-300x297.jpg 300w, https:\/\/www.deaixa.com\/palbiro\/wp-content\/uploads\/2013\/08\/P1070142-FUMADOR-CON-AVE-e1414617407807-1-1-150x150.jpg 150w\" sizes=\"auto, (max-width: 606px) 100vw, 606px\" aria-describedby=\"figcaption-60-175\" itemprop=\"thumbnail\" \/><\/a><\/div>\n\t\t\t\t\t\t<figcaption id=\"figcaption-60-175\" class=\"gallery-caption\" itemprop=\"caption\">FUMADOR CON AVE\n\u00d3leo sobre lienzo 2013<\/figcaption>\n\t\t\t\t\t<\/figure>\n\t\t\t\t\t<figure class='gallery-item col-3' itemprop='associatedMedia' itemscope itemtype='https:\/\/schema.org\/ImageObject'>\n\t\t\t\t\t\t<div class='gallery-icon landscape'><a href='https:\/\/www.deaixa.com\/palbiro\/wp-content\/uploads\/2013\/08\/P1070189-ROSTRO-INTERIOR-e1414617807398-1-1.jpg' itemprop=\"contentURL\"><img loading=\"lazy\" decoding=\"async\" width=\"613\" height=\"600\" src=\"https:\/\/www.deaixa.com\/palbiro\/wp-content\/uploads\/2013\/08\/P1070189-ROSTRO-INTERIOR-e1414617807398-1-1.jpg\" class=\"attachment-full size-full\" alt=\"\" srcset=\"https:\/\/www.deaixa.com\/palbiro\/wp-content\/uploads\/2013\/08\/P1070189-ROSTRO-INTERIOR-e1414617807398-1-1.jpg 613w, https:\/\/www.deaixa.com\/palbiro\/wp-content\/uploads\/2013\/08\/P1070189-ROSTRO-INTERIOR-e1414617807398-1-1-300x294.jpg 300w\" sizes=\"auto, (max-width: 613px) 100vw, 613px\" aria-describedby=\"figcaption-60-177\" itemprop=\"thumbnail\" \/><\/a><\/div>\n\t\t\t\t\t\t<figcaption id=\"figcaption-60-177\" class=\"gallery-caption\" itemprop=\"caption\">&#8220;ROSTRO INTERIOR&#8221;\nCarboncillo 2012<\/figcaption>\n\t\t\t\t\t<\/figure>\n\t\t\t\t\t<figure class='gallery-item col-3' itemprop='associatedMedia' itemscope itemtype='https:\/\/schema.org\/ImageObject'>\n\t\t\t\t\t\t<div class='gallery-icon landscape'><a href='https:\/\/www.deaixa.com\/palbiro\/wp-content\/uploads\/2013\/08\/diariovoces-1-1.jpg' itemprop=\"contentURL\"><img loading=\"lazy\" decoding=\"async\" width=\"450\" height=\"351\" src=\"https:\/\/www.deaixa.com\/palbiro\/wp-content\/uploads\/2013\/08\/diariovoces-1-1.jpg\" class=\"attachment-full size-full\" alt=\"\" srcset=\"https:\/\/www.deaixa.com\/palbiro\/wp-content\/uploads\/2013\/08\/diariovoces-1-1.jpg 450w, https:\/\/www.deaixa.com\/palbiro\/wp-content\/uploads\/2013\/08\/diariovoces-1-1-300x234.jpg 300w\" sizes=\"auto, (max-width: 450px) 100vw, 450px\" itemprop=\"thumbnail\" \/><\/a><\/div>\n\t\t\t\t\t<\/figure>\n\t\t\t\t\t<figure class='gallery-item col-3' itemprop='associatedMedia' itemscope itemtype='https:\/\/schema.org\/ImageObject'>\n\t\t\t\t\t\t<div class='gallery-icon portrait'><a href='https:\/\/www.deaixa.com\/palbiro\/wp-content\/uploads\/2013\/08\/LA_CREACION-e1414616337209-1-1.jpg' itemprop=\"contentURL\"><img loading=\"lazy\" decoding=\"async\" width=\"438\" height=\"600\" src=\"https:\/\/www.deaixa.com\/palbiro\/wp-content\/uploads\/2013\/08\/LA_CREACION-e1414616337209-1-1.jpg\" class=\"attachment-full size-full\" alt=\"\" srcset=\"https:\/\/www.deaixa.com\/palbiro\/wp-content\/uploads\/2013\/08\/LA_CREACION-e1414616337209-1-1.jpg 438w, https:\/\/www.deaixa.com\/palbiro\/wp-content\/uploads\/2013\/08\/LA_CREACION-e1414616337209-1-1-219x300.jpg 219w\" sizes=\"auto, (max-width: 438px) 100vw, 438px\" aria-describedby=\"figcaption-60-27\" itemprop=\"thumbnail\" \/><\/a><\/div>\n\t\t\t\t\t\t<figcaption id=\"figcaption-60-27\" class=\"gallery-caption\" itemprop=\"caption\">\u201cLA CREACION\u201d\nmixta 2008<\/figcaption>\n\t\t\t\t\t<\/figure>\n\t\t\t\t\t<figure class='gallery-item col-3' itemprop='associatedMedia' itemscope itemtype='https:\/\/schema.org\/ImageObject'>\n\t\t\t\t\t\t<div class='gallery-icon landscape'><a href='https:\/\/www.deaixa.com\/palbiro\/wp-content\/uploads\/2013\/08\/P1070179-EL-SALTO-DEL-SER-1-1.jpg' itemprop=\"contentURL\"><img loading=\"lazy\" decoding=\"async\" width=\"1000\" height=\"694\" src=\"https:\/\/www.deaixa.com\/palbiro\/wp-content\/uploads\/2013\/08\/P1070179-EL-SALTO-DEL-SER-1-1.jpg\" class=\"attachment-full size-full\" alt=\"\" srcset=\"https:\/\/www.deaixa.com\/palbiro\/wp-content\/uploads\/2013\/08\/P1070179-EL-SALTO-DEL-SER-1-1.jpg 1000w, https:\/\/www.deaixa.com\/palbiro\/wp-content\/uploads\/2013\/08\/P1070179-EL-SALTO-DEL-SER-1-1-300x208.jpg 300w, https:\/\/www.deaixa.com\/palbiro\/wp-content\/uploads\/2013\/08\/P1070179-EL-SALTO-DEL-SER-1-1-768x533.jpg 768w\" sizes=\"auto, (max-width: 1000px) 100vw, 1000px\" aria-describedby=\"figcaption-60-216\" itemprop=\"thumbnail\" \/><\/a><\/div>\n\t\t\t\t\t\t<figcaption id=\"figcaption-60-216\" class=\"gallery-caption\" itemprop=\"caption\">EL SALTO DEL SER\nCarboncillo 2012<\/figcaption>\n\t\t\t\t\t<\/figure>\n\t\t\t<\/div><!-- .gallery -->\n\n","protected":false},"excerpt":{"rendered":"<p>PRIMERA MUESTRA PLASTICA INDIVIDUAL E ITINERANTE DE PALBIRO 2013 \u201cCamino m\u00edstico en la Amazon\u00eda\u201d est\u00e1 inspirada en la&nbsp;frondosa flora y en la fauna fluvial de la selva peruana, donde el ser humano se sugiere a trav\u00e9s de estilizadas siluetas. La exposici\u00f3n, que comprende&nbsp;40 cuadros&nbsp;&#8211; 25 \u00f3leos y 15 carboncillos &#8211; concebidos dentro de la&nbsp;tem\u00e1tica m\u00edstica&nbsp;y con un&nbsp;estilo naif, propone crear conciencia en la necesidad de la descentralizaci\u00f3n de la actividad art\u00edstica.<\/p>\n","protected":false},"author":2,"featured_media":104,"comment_status":"closed","ping_status":"closed","sticky":false,"template":"","format":"standard","meta":{"footnotes":""},"categories":[9,11],"tags":[],"class_list":["entry","author-webmaster","post-60","post","type-post","status-publish","format-standard","has-post-thumbnail","category-exposiciones","category-las-obras"],"_links":{"self":[{"href":"https:\/\/www.deaixa.com\/palbiro\/wp-json\/wp\/v2\/posts\/60","targetHints":{"allow":["GET"]}}],"collection":[{"href":"https:\/\/www.deaixa.com\/palbiro\/wp-json\/wp\/v2\/posts"}],"about":[{"href":"https:\/\/www.deaixa.com\/palbiro\/wp-json\/wp\/v2\/types\/post"}],"author":[{"embeddable":true,"href":"https:\/\/www.deaixa.com\/palbiro\/wp-json\/wp\/v2\/users\/2"}],"replies":[{"embeddable":true,"href":"https:\/\/www.deaixa.com\/palbiro\/wp-json\/wp\/v2\/comments?post=60"}],"version-history":[{"count":1,"href":"https:\/\/www.deaixa.com\/palbiro\/wp-json\/wp\/v2\/posts\/60\/revisions"}],"predecessor-version":[{"id":1937,"href":"https:\/\/www.deaixa.com\/palbiro\/wp-json\/wp\/v2\/posts\/60\/revisions\/1937"}],"wp:featuredmedia":[{"embeddable":true,"href":"https:\/\/www.deaixa.com\/palbiro\/wp-json\/wp\/v2\/media\/104"}],"wp:attachment":[{"href":"https:\/\/www.deaixa.com\/palbiro\/wp-json\/wp\/v2\/media?parent=60"}],"wp:term":[{"taxonomy":"category","embeddable":true,"href":"https:\/\/www.deaixa.com\/palbiro\/wp-json\/wp\/v2\/categories?post=60"},{"taxonomy":"post_tag","embeddable":true,"href":"https:\/\/www.deaixa.com\/palbiro\/wp-json\/wp\/v2\/tags?post=60"}],"curies":[{"name":"wp","href":"https:\/\/api.w.org\/{rel}","templated":true}]}}