{"id":835,"date":"2018-03-20T10:10:10","date_gmt":"2018-03-20T10:10:10","guid":{"rendered":"http:\/\/deaixa.net\/palbiro\/?p=835"},"modified":"2018-03-20T10:10:10","modified_gmt":"2018-03-20T10:10:10","slug":"inforartes-peru-canto-a-la-libertad","status":"publish","type":"post","link":"https:\/\/www.deaixa.com\/palbiro\/2018\/03\/inforartes-peru-canto-a-la-libertad\/","title":{"rendered":"Canto A La Libertad &#8211; Nota de Prensa &#8211; 2018"},"content":{"rendered":"<p style=\"text-align: center;\"><a href=\"http:\/\/www.infoartes.pe\/palbiro-nos-cuenta-sobre-la-muestra-canto-a-la-libertad\/\" target=\"_blank\" rel=\"noopener noreferrer\">Palbiro nos cuenta sobre la muestra &#8220;Canto A La Libertad<\/a><\/p>\n<div id=\"wrapper\">\n<div id=\"main\">\n<div id=\"post-wrapper\" class=\"post-49577 post type-post status-publish format-standard has-post-thumbnail hentry category-artistas category-galerias tag-ingreso-libre artes-artes-visuales\">\n<div id=\"post-header\">\n<h1>PALBIRO NOS CUENTA SOBRE LA MUESTRA \u201cCANTO A LA LIBERTAD\u201d<\/h1>\n<div class=\"post-meta\"><span class=\"date\">Marzo 20, 2018<br \/>\n<strong><em><a href=\"http:\/\/www.infoartes.pe\/palbiro-nos-cuenta-sobre-la-muestra-canto-a-la-libertad\/\" target=\"_blank\" rel=\"noopener noreferrer\">Inforartes<\/a><\/em><\/strong><\/span><\/div>\n<\/div>\n<div id=\"post\">\n<div class=\"post-content\">\n<h4><b>Son diez a\u00f1os dedicado a la pintura y el dibujo, quiz\u00e1 fueron las casualidades de la vida que le dieron la oportunidad de mostrar que el tiempo no es determinante para ejecutar una acci\u00f3n, simplemente est\u00e1 en el querer hacer algo y hacerlo. Ah\u00ed radica la diferencia. \u00a0Como mencionar\u00eda Palbiro:\u00a0<em>por una casualidad logr\u00e9 exponer mi primera muestra\u00a0<\/em><\/b><em><b>Camino M\u00edstico<\/b><b>\u00a0en el Centro Cultural de San Marcos y ahora, 5 a\u00f1os despu\u00e9s, estoy realizando otra exhibici\u00f3n\u00a0<\/b><b>\u201cCanto a la libertad\u201d<\/b><b>\u00a0en la Galer\u00eda de Arte Augusto B. Legu\u00eda que finaliza el 25 de marzo.<\/b><\/em><\/h4>\n<p><em><b>\u201cMi finalidad es el arte en s\u00ed mismo\u201d<\/b><\/em><\/p>\n<div id=\"attachment_49587\" class=\"wp-caption aligncenter\">\n<p><a href=\"http:\/\/www.infoartes.pe\/wp-content\/uploads\/2018\/03\/20180320_142718.jpg\" rel=\"lightbox[49577]\"><img loading=\"lazy\" decoding=\"async\" class=\"wp-image-49587 size-full\" src=\"http:\/\/www.infoartes.pe\/wp-content\/uploads\/2018\/03\/20180320_142718.jpg\" sizes=\"auto, (max-width: 4096px) 100vw, 4096px\" srcset=\"http:\/\/www.infoartes.pe\/wp-content\/uploads\/2018\/03\/20180320_142718.jpg 4096w, http:\/\/www.infoartes.pe\/wp-content\/uploads\/2018\/03\/20180320_142718-400x300.jpg 400w, http:\/\/www.infoartes.pe\/wp-content\/uploads\/2018\/03\/20180320_142718-768x576.jpg 768w, http:\/\/www.infoartes.pe\/wp-content\/uploads\/2018\/03\/20180320_142718-1024x768.jpg 1024w, http:\/\/www.infoartes.pe\/wp-content\/uploads\/2018\/03\/20180320_142718-600x450.jpg 600w\" alt=\"\" width=\"4096\" height=\"3072\" \/><\/a><\/p>\n<p class=\"wp-caption-text\">Sala de Arte del Centro Cultural Augusto B. Legu\u00eda<\/p>\n<\/div>\n<h5><em><b><br \/>\n<\/b><\/em>En el Parque de la Amistad del distrito de Surco, Palbiro re\u00fane 59 pinturas (38 \u00f3leos, 5 a l\u00e1piz -carboncillo y sepia- y 16 pasteles; a los cuales se le suman 3 esculturas) con la muestra Retrospectiva Canto a la Libertad. Aqu\u00ed el artista nos traslada por mundos inventados al ritmo de sus colores e im\u00e1genes, de las formas de apariencia extravagante surgidas de una inspirada invenci\u00f3n. Porque eso es el arte: creaci\u00f3n de mundos extra\u00f1os que asombren al espectador de buen gusto.<\/h5>\n<p><strong>\u00a0<em>Maynor Freyre<\/em><\/strong><\/p>\n<p><strong>Palbiro<\/strong>\u00a0(Pablo Ribeiro Lora) nos cuenta c\u00f3mo llega a interesarse por el arte, c\u00f3mo desde muy ni\u00f1o se le inculc\u00f3 un arte en particular que es la m\u00fasica y cu\u00e1l fue el proceso para llegar a la pintura.<\/p>\n<p><a href=\"http:\/\/www.infoartes.pe\/wp-content\/uploads\/2018\/03\/IMG_74g60.jpg\" rel=\"lightbox[49577]\"><img loading=\"lazy\" decoding=\"async\" class=\"size-medium wp-image-49578 aligncenter\" src=\"http:\/\/www.infoartes.pe\/wp-content\/uploads\/2018\/03\/IMG_74g60-400x284.jpg\" sizes=\"auto, (max-width: 400px) 100vw, 400px\" srcset=\"http:\/\/www.infoartes.pe\/wp-content\/uploads\/2018\/03\/IMG_74g60-400x284.jpg 400w, http:\/\/www.infoartes.pe\/wp-content\/uploads\/2018\/03\/IMG_74g60-768x546.jpg 768w, http:\/\/www.infoartes.pe\/wp-content\/uploads\/2018\/03\/IMG_74g60-1024x728.jpg 1024w, http:\/\/www.infoartes.pe\/wp-content\/uploads\/2018\/03\/IMG_74g60-600x426.jpg 600w\" alt=\"\" width=\"400\" height=\"284\" \/><\/a><\/p>\n<p>Todo parti\u00f3 desde su familia, cuyos miembros -no todos- desarrollaron una conexi\u00f3n con la sonoridad del viol\u00edn, por lo que no es de extra\u00f1arse la relaci\u00f3n que tuvo con los violines y el canto.<\/p>\n<blockquote>\n<h2>He vivido como algo normal el canto y la m\u00fasica de violines.<\/h2>\n<\/blockquote>\n<p>Posteriormente decidi\u00f3 estudiar psicolog\u00eda en la Universidad Nacional Mayor de San Marcos, carrera que no concluy\u00f3, pues descubri\u00f3 que no era el camino que buscaba para s\u00ed. Entonces opt\u00f3 por el canto e ingres\u00f3 al Conservatorio de M\u00fasica para perfeccionarse en l\u00edrica, luego form\u00f3 parte del Coro Nacional del Instituto Nacional de Cultura.\u00a0 La m\u00fasica lo sensibiliz\u00f3.<\/p>\n<p>Esta decisi\u00f3n le dio muchas actividades a realizar, como por ejemplo, lo incentiv\u00f3 a ense\u00f1ar m\u00fasica a trav\u00e9s del zen (un sistema Suzuk) que era la mejor forma de llegar a los ni\u00f1os y ancianos. Como \u00e9l logr\u00f3 integrar sus conocimientos de psicolog\u00eda, m\u00fasica y zen, lo contrataron para trabajar en centros de rehabilitaci\u00f3n para ni\u00f1os en Cedro y con grupos terap\u00e9uticos de m\u00fasica\u00a0en Essalud.<\/p>\n<p>En un momento de su vida, \u00e9l comenta: \u201cSent\u00ed que ya hab\u00eda cumplido en ayudar a la gente a ser felices\u201d, por lo cual decidi\u00f3 que iba a retirarse y emprender diversos viajes a varios sitios al interior del pa\u00eds. Anticip\u00f3 su jubilaci\u00f3n y se mud\u00f3 a Moyobamba, un lugar tranquilo para vivir, dado que la naturaleza lo inspiraba a escribir poes\u00eda y a dibujar. Sin darse cuenta se fue llenando de dibujos, m\u00e1s a\u00fan, fue desarrollando un proceso creativo interno.<\/p>\n<blockquote>\n<h2><i>\u00a0 \u00a0Es una necesidad de expresarme \u00a0a m\u00ed mismo, para ver qu\u00e9 hago y reconocerme en lo que hago.<\/i><\/h2>\n<\/blockquote>\n<p><em>\u201cEn un inicio, casi todo lo que dibujaba era verde. Si ves selva, pintas selvas; si ves atardeceres, pintas atardeceres. Es decir, la influencia est\u00e1 dada por la geograf\u00eda.\u201d<\/em>\u00a0En Moyobamba, encontr\u00f3 la paz suficiente para realizar cualquier cosa que quisiera hacer, pintaba lo que le sal\u00eda en el momento. Hasta ahora lo hace.<\/p>\n<p>La estrecha relaci\u00f3n que desarroll\u00f3 con su entorno, le permiti\u00f3 acrecentar su creatividad y sus ganas de pintar. Quiz\u00e1 no tuvo influencia directa de alg\u00fan artista, pero s\u00ed le encantaba Gauguin y Van Gogh, porque revolucionaron toda la pintura ya que fueron totalmente aut\u00e9nticos. Pintaban porque les daba la gana y porque quer\u00edan.<\/p>\n<p>En cuanto a su persona, Palbiro comenta que no sab\u00eda del \u00f3leo hasta que lo prob\u00f3 y le fascin\u00f3. Las maravillas son en \u00f3leo esboz\u00f3.<\/p>\n<p>Cuando tuve una cantidad de cuadros a color y l\u00e1piz, vine a Lima. Luego de 3 a\u00f1os, as\u00ed de casualidad, las mostr\u00e9 en la Casona de San Marcos, ellos vieron mi esfuerzo y como se hab\u00eda retirado un pintor que expon\u00eda en dos meses me dijeron:\u00a0<em><strong>\u201cMira, si tienes cuadros y los puedes tener listos en dos meses, muy bien, traelos\u201d<\/strong><\/em>.\u00a0 Me aceptaron para hacer mi primera exposici\u00f3n, que llam\u00e9\u00a0<strong>Camino m\u00edstico<\/strong>, porque era mi camino en la selva: el de encontrarme a m\u00ed mismo. Y a trav\u00e9s del arte, te encuentras s\u00ed o s\u00ed.<\/p>\n<p>Las retoqu\u00e9, hice lo mejor. \u00a0Luego, present\u00e9 la exposici\u00f3n en La Casona. Estuve un mes. Y dije: \u201c<b><i>Tengo \u00a0que agradecerle a la Amazonia que me ha dado tanta inspiraci\u00f3n, felicidad. As\u00ed que, \u00a0por favor, d\u00e9nme un empuje para hacer esta muestra itinerante\u00a8.<\/i><\/b>\u00a0Me dieron una presentaci\u00f3n y pude irme a donde hab\u00eda vivido, a Tarapoto, Chachapoyas, Moyobamba, Iquitos, \u00a0otras zonas y terminar en Cuzco.<\/p>\n<p>En cuanto la muestra actual\u00a0<b>Canto a la Libertad<\/b><b>\u00a0Retrospectiva,\u00a0<\/b>Palbiro explica que sucedi\u00f3 algo muy curioso; puesto que \u00e9l\u00a0ten\u00eda todas las obras que hab\u00eda elaborado y no las hab\u00eda vendido porque es m\u00edstico y es personal.<\/p>\n<p>Yo vivo en Surco, estaba yendo al centro Cultural Legu\u00eda y el Centro de Exposiciones de Arte estaba cerrado. Entonces conversando con ellos, les dije:\u00a0<b><i>\u201cYo tengo mis obras. Podemos reabrirlo\u201d.<\/i><\/b>\u00a0Insist\u00ed hasta que me dijeron<b><i>: \u201cPero es grande el sitio. \u00bfTienes para llenar?\u201d \u201cS\u00ed\u201d,\u00a0<\/i><\/b><i>les respond\u00ed.<\/i>\u00a0<b><i>\u201cEntonces, s\u00ed, puedes hacerla\u201d.<\/i><\/b>\u00a0\u00a0Les mostr\u00e9 las cosas y me dijeron:\u00a0<b><i>\u201cEn dos meses, la reabrimos contigo\u201d.<\/i><\/b>\u00a0Ten\u00eda m\u00e1s de 60 obras. Tuve que dejar varias afuera porque no hab\u00eda la infraestructura suficiente para m\u00f3dulos.<\/p>\n<blockquote>\n<h3>Luego de 18 meses de inactividad se reabri\u00f3 la sala de arte Augusto B. Legu\u00eda con la exposici\u00f3n RETROSPECTIVA\u00a0 de PALBIRO.<\/h3>\n<\/blockquote>\n<p>&nbsp;<\/p>\n<p>Palbiro pretende transmitir a trav\u00e9s de su muestra,\u00a0que vean como uno puede atreverse a ser artista a cualquier edad. Todos somos artistas, pero nos van cortando y perdemos esa espontaneidad. Si recuperamos esa espontaneidad, reci\u00e9n somos felices. Eres un infeliz mientras eres joven, adulto y vives una vida obligada en la que no disfrutas de ti mismo. Tienes que cumplir para tu mundo.\u00a0<b>Ese es el mensaje: que cualquiera a la edad que tenga, puede intentar expresarse \u00a0en la poes\u00eda, en la danza, en la m\u00fasica, en la pintura, en la escultura en la cer\u00e1mica.<\/b>\u00a0Hasta en los pueblos primitivos, hacen su cer\u00e1mica art\u00edstica y disfrutan. Ese es el punto, que la gente\u00a0 vuelva a sensibilizarse a trav\u00e9s de las artes; porque no hay otro camino. Dentro de la ciudad, \u00bfen qu\u00e9 te vas a sensibilizar?<\/p>\n<p>Al empezar a respetar la sensibilidad de los dem\u00e1s, no gritar, al volverte sensible, respetas al otro y te respetas a ti. Entonces, aquello va a influir en que la vida se adapte a una calidez y tranquilidad m\u00e1s grande. Evidentemente, tienen que haber sitios como esta galer\u00eda, que se ha reabierto en todos los distritos, deber\u00eda haber para que as\u00ed uno encuentre un momento para disfrutar un caf\u00e9, ver las obras, \u00a0caminar, de aproximarse a la naturaleza.<\/p>\n<blockquote>\n<h3><b>La \u00fanica soluci\u00f3n para que \u00a0cambie el mundo es el arte.<\/b><\/h3>\n<\/blockquote>\n<p>En cuanto a sus planes futuros<b>,\u00a0<\/b>quiere que su pr\u00f3xima exposici\u00f3n sea de Macchu Picchu.\u00a0<em>\u201cLo que yo considero, lo m\u00e1ximo de la humanidad es Machu Picchu. No porque sea peruano, sino porque es como un templo hacia el espacio, lo existencial. Es tan puro, tan natural que parece que tienes que ir limpio all\u00ed. Yo he visto a los que han pintado a Machu Picchu, pero como yo tengo otra mirada, puedo hacer de Macchu Picchu otras cosas diferentes.\u201d<\/em><\/p>\n<h4>En relaci\u00f3n a la muestra, esta consta de 5 Etapas: Camino M\u00edstico, Canto a la Libertad, Purificaci\u00f3n por el Fuego, Infancia Feliz y Enso\u00f1aci\u00f3n.<\/h4>\n<p>Cada etapa representa un estadio de la vida del artista, as\u00ed como en cada cuadro se pueden ver sus emociones, sus enso\u00f1aciones, los cambios que experimenta, la tranquilidad y misticidad de la Amazon\u00eda.<\/p>\n<p>Algunas de las obras:<\/p>\n<h4><strong>Camino M\u00edstico<\/strong><\/h4>\n<div id=\"attachment_49601\" class=\"wp-caption aligncenter\">\n<p><a href=\"http:\/\/www.infoartes.pe\/wp-content\/uploads\/2018\/03\/Victoria-Regia-%C3%B3leo-sobre-lienzo-70-x-100cm-2012.jpg\" rel=\"lightbox[49577]\"><img loading=\"lazy\" decoding=\"async\" class=\"wp-image-49601 size-medium\" src=\"http:\/\/www.infoartes.pe\/wp-content\/uploads\/2018\/03\/Victoria-Regia-%C3%B3leo-sobre-lienzo-70-x-100cm-2012-400x304.jpg\" sizes=\"auto, (max-width: 400px) 100vw, 400px\" srcset=\"http:\/\/www.infoartes.pe\/wp-content\/uploads\/2018\/03\/Victoria-Regia-\u00f3leo-sobre-lienzo-70-x-100cm-2012-400x304.jpg 400w, http:\/\/www.infoartes.pe\/wp-content\/uploads\/2018\/03\/Victoria-Regia-\u00f3leo-sobre-lienzo-70-x-100cm-2012-768x584.jpg 768w, http:\/\/www.infoartes.pe\/wp-content\/uploads\/2018\/03\/Victoria-Regia-\u00f3leo-sobre-lienzo-70-x-100cm-2012-1024x779.jpg 1024w, http:\/\/www.infoartes.pe\/wp-content\/uploads\/2018\/03\/Victoria-Regia-\u00f3leo-sobre-lienzo-70-x-100cm-2012-600x457.jpg 600w\" alt=\"\" width=\"400\" height=\"304\" \/><\/a><\/p>\n<p class=\"wp-caption-text\">Victoria Regia<\/p>\n<\/div>\n<p>Victoria Regia nos sumerge al lado m\u00e1s m\u00edstico de la naturaleza. Un bello lienzo lleno de detalles que te sumergen en el paisaje de un cristalino lago en cuyas aguas se refleja parte del cielo. Incluso las flores pareciesen cobrar vida en cualquier momento.<\/p>\n<div id=\"attachment_49603\" class=\"wp-caption aligncenter\">\n<p><a href=\"http:\/\/www.infoartes.pe\/wp-content\/uploads\/2018\/03\/Ba%C3%B1o-del-alma-%C3%B3leo-sobre-lienzo-70-x-70cm-2013.jpg\" rel=\"lightbox[49577]\"><img loading=\"lazy\" decoding=\"async\" class=\"wp-image-49603 size-medium\" src=\"http:\/\/www.infoartes.pe\/wp-content\/uploads\/2018\/03\/Ba%C3%B1o-del-alma-%C3%B3leo-sobre-lienzo-70-x-70cm-2013-400x395.jpg\" sizes=\"auto, (max-width: 400px) 100vw, 400px\" srcset=\"http:\/\/www.infoartes.pe\/wp-content\/uploads\/2018\/03\/Ba\u00f1o-del-alma-\u00f3leo-sobre-lienzo-70-x-70cm-2013-400x395.jpg 400w, http:\/\/www.infoartes.pe\/wp-content\/uploads\/2018\/03\/Ba\u00f1o-del-alma-\u00f3leo-sobre-lienzo-70-x-70cm-2013-768x758.jpg 768w, http:\/\/www.infoartes.pe\/wp-content\/uploads\/2018\/03\/Ba\u00f1o-del-alma-\u00f3leo-sobre-lienzo-70-x-70cm-2013-1024x1010.jpg 1024w, http:\/\/www.infoartes.pe\/wp-content\/uploads\/2018\/03\/Ba\u00f1o-del-alma-\u00f3leo-sobre-lienzo-70-x-70cm-2013-50x50.jpg 50w, http:\/\/www.infoartes.pe\/wp-content\/uploads\/2018\/03\/Ba\u00f1o-del-alma-\u00f3leo-sobre-lienzo-70-x-70cm-2013-600x592.jpg 600w\" alt=\"\" width=\"400\" height=\"395\" \/><\/a><\/p>\n<p class=\"wp-caption-text\">Ba\u00f1o del Alma<\/p>\n<\/div>\n<p>Un lienzo en el que el autor plasma el alma desde una perspectiva muy curiosa, dado que en ella se puede ver alma descansando en lo que se puede interpretar como un \u00fatero, para recobrar fuerzas y retomar con fuerza en su prop\u00f3sito.<\/p>\n<h4><strong>Canto a la Libertad<\/strong><\/h4>\n<div id=\"attachment_49604\" class=\"wp-caption aligncenter\">\n<p><a href=\"http:\/\/www.infoartes.pe\/wp-content\/uploads\/2018\/03\/El-Pintor-y-su-Mundo-%C3%B3leo-sobre-lienzo-100-x-100cm-2015.jpg\" rel=\"lightbox[49577]\"><img loading=\"lazy\" decoding=\"async\" class=\"wp-image-49604 size-medium\" src=\"http:\/\/www.infoartes.pe\/wp-content\/uploads\/2018\/03\/El-Pintor-y-su-Mundo-%C3%B3leo-sobre-lienzo-100-x-100cm-2015-400x369.jpg\" sizes=\"auto, (max-width: 400px) 100vw, 400px\" srcset=\"http:\/\/www.infoartes.pe\/wp-content\/uploads\/2018\/03\/El-Pintor-y-su-Mundo-\u00f3leo-sobre-lienzo-100-x-100cm-2015-400x369.jpg 400w, http:\/\/www.infoartes.pe\/wp-content\/uploads\/2018\/03\/El-Pintor-y-su-Mundo-\u00f3leo-sobre-lienzo-100-x-100cm-2015-768x709.jpg 768w, http:\/\/www.infoartes.pe\/wp-content\/uploads\/2018\/03\/El-Pintor-y-su-Mundo-\u00f3leo-sobre-lienzo-100-x-100cm-2015-1024x945.jpg 1024w, http:\/\/www.infoartes.pe\/wp-content\/uploads\/2018\/03\/El-Pintor-y-su-Mundo-\u00f3leo-sobre-lienzo-100-x-100cm-2015-600x554.jpg 600w\" alt=\"\" width=\"400\" height=\"369\" \/><\/a><\/p>\n<p class=\"wp-caption-text\">El pintor y su mundo<\/p>\n<\/div>\n<p>Pabliro retrata \u201csu mundo\u201d inspirado por la naturaleza que lo rodea como el m\u00e1ximo inventor. Su estilo figurativo y envolvente nos da la sensaci\u00f3n de que todo est\u00e1 en constante movimiento. Su visi\u00f3n desinhibida lo caracteriza por pintar lo que siente en el momento, sin atarse a un molde establecido.<\/p>\n<h4><strong>Purificaci\u00f3n por el fuego<\/strong><\/h4>\n<div id=\"attachment_49605\" class=\"wp-caption aligncenter\">\n<p><a href=\"http:\/\/www.infoartes.pe\/wp-content\/uploads\/2018\/03\/Transfiguraci%C3%B3n-Amaz%C3%B3nica-%C3%B3leo-sobre-lienzo-100-x-120cm-1.jpg\" rel=\"lightbox[49577]\"><img loading=\"lazy\" decoding=\"async\" class=\"wp-image-49605 size-medium\" src=\"http:\/\/www.infoartes.pe\/wp-content\/uploads\/2018\/03\/Transfiguraci%C3%B3n-Amaz%C3%B3nica-%C3%B3leo-sobre-lienzo-100-x-120cm-1-400x325.jpg\" sizes=\"auto, (max-width: 400px) 100vw, 400px\" srcset=\"http:\/\/www.infoartes.pe\/wp-content\/uploads\/2018\/03\/Transfiguraci\u00f3n-Amaz\u00f3nica-\u00f3leo-sobre-lienzo-100-x-120cm-1-400x325.jpg 400w, http:\/\/www.infoartes.pe\/wp-content\/uploads\/2018\/03\/Transfiguraci\u00f3n-Amaz\u00f3nica-\u00f3leo-sobre-lienzo-100-x-120cm-1-768x625.jpg 768w, http:\/\/www.infoartes.pe\/wp-content\/uploads\/2018\/03\/Transfiguraci\u00f3n-Amaz\u00f3nica-\u00f3leo-sobre-lienzo-100-x-120cm-1-1024x833.jpg 1024w, http:\/\/www.infoartes.pe\/wp-content\/uploads\/2018\/03\/Transfiguraci\u00f3n-Amaz\u00f3nica-\u00f3leo-sobre-lienzo-100-x-120cm-1-600x488.jpg 600w\" alt=\"\" width=\"400\" height=\"325\" \/><\/a><\/p>\n<p class=\"wp-caption-text\">Transfiguraci\u00f3n Amaz\u00f3nica<\/p>\n<\/div>\n<p>Como su nombre lo indica, este lienzo evoca todo el calor y los colores de nuestra propia Amazon\u00eda, en una composici\u00f3n donde los trazos cobran vida, parecen danzar y crear nuevas formas, nuevos seres. El sentimiento resulta incluso embriagador.<\/p>\n<h4><strong>Infancia Feliz<\/strong><\/h4>\n<div id=\"attachment_49606\" class=\"wp-caption aligncenter\">\n<p><a href=\"http:\/\/www.infoartes.pe\/wp-content\/uploads\/2018\/03\/Jungla-Primitiva-%C3%B3leo-sobe-lienzo-80-x-120-cm.jpg\" rel=\"lightbox[49577]\"><img loading=\"lazy\" decoding=\"async\" class=\"wp-image-49606 size-medium\" src=\"http:\/\/www.infoartes.pe\/wp-content\/uploads\/2018\/03\/Jungla-Primitiva-%C3%B3leo-sobe-lienzo-80-x-120-cm-400x275.jpg\" sizes=\"auto, (max-width: 400px) 100vw, 400px\" srcset=\"http:\/\/www.infoartes.pe\/wp-content\/uploads\/2018\/03\/Jungla-Primitiva-\u00f3leo-sobe-lienzo-80-x-120-cm-400x275.jpg 400w, http:\/\/www.infoartes.pe\/wp-content\/uploads\/2018\/03\/Jungla-Primitiva-\u00f3leo-sobe-lienzo-80-x-120-cm-768x527.jpg 768w, http:\/\/www.infoartes.pe\/wp-content\/uploads\/2018\/03\/Jungla-Primitiva-\u00f3leo-sobe-lienzo-80-x-120-cm-1024x703.jpg 1024w, http:\/\/www.infoartes.pe\/wp-content\/uploads\/2018\/03\/Jungla-Primitiva-\u00f3leo-sobe-lienzo-80-x-120-cm-600x412.jpg 600w\" alt=\"\" width=\"400\" height=\"275\" \/><\/a><\/p>\n<p class=\"wp-caption-text\">Jungla Primitiva<\/p>\n<\/div>\n<p>Una mirada nost\u00e1lgica a la naturaleza desde la visi\u00f3n de nuestros antepasados. Donde los principales protagonistas son los animales primitivos que rondaron sobre la faz de la tierra hace much\u00edsimo tiempo, como el mamut, el antepasado de un lobo, aves y \u00e1rboles de frutos desconocidos.<\/p>\n<p>Pueden visitar la muestra de<strong>\u00a0martes \u2013 viernes<\/strong>\u00a0en los horarios de\u00a0<strong>9:00 am \u2013 1:00 pm \/ 3:00 pm \u2013 8:00 pm<\/strong>y los<strong>\u00a0s\u00e1bados y domingos<\/strong>\u00a0de\u00a0<strong>10:00 am \u2013 1:00 pm \/\u00a03:00 pm \u2013 6:00 pm\u00a0<\/strong>\u00a0en la Galer\u00eda de Arte Augusto B. Legu\u00eda, Parque de la Amistad.<\/p>\n<\/div>\n<\/div>\n<\/div>\n<\/div>\n<\/div>\n","protected":false},"excerpt":{"rendered":"<p>Palbiro nos cuenta sobre la muestra &#8220;Canto A La Libertad PALBIRO NOS CUENTA SOBRE LA MUESTRA \u201cCANTO A LA LIBERTAD\u201d Marzo 20, 2018 Inforartes Son diez a\u00f1os dedicado a la pintura y el dibujo, quiz\u00e1 fueron las casualidades de la vida que le dieron la oportunidad de mostrar que el tiempo no es determinante para ejecutar una acci\u00f3n, simplemente est\u00e1 en el querer hacer algo y hacerlo. Ah\u00ed radica la diferencia. \u00a0Como mencionar\u00eda Palbiro:\u00a0por una casualidad logr\u00e9 exponer mi primera muestra\u00a0Camino M\u00edstico\u00a0en el Centro Cultural de San Marcos y ahora, 5 a\u00f1os despu\u00e9s, estoy realizando otra exhibici\u00f3n\u00a0\u201cCanto a la libertad\u201d\u00a0en la Galer\u00eda de Arte Augusto<span class=\"more-link\"><a href=\"https:\/\/www.deaixa.com\/palbiro\/2018\/03\/inforartes-peru-canto-a-la-libertad\/\">Seguir Leyendo<\/a><\/span><\/p>\n","protected":false},"author":2,"featured_media":1144,"comment_status":"closed","ping_status":"closed","sticky":false,"template":"","format":"standard","meta":{"footnotes":""},"categories":[4,13],"tags":[],"class_list":["entry","author-webmaster","post-835","post","type-post","status-publish","format-standard","has-post-thumbnail","category-canto-a-la-libertad","category-notas-de-prensa"],"_links":{"self":[{"href":"https:\/\/www.deaixa.com\/palbiro\/wp-json\/wp\/v2\/posts\/835","targetHints":{"allow":["GET"]}}],"collection":[{"href":"https:\/\/www.deaixa.com\/palbiro\/wp-json\/wp\/v2\/posts"}],"about":[{"href":"https:\/\/www.deaixa.com\/palbiro\/wp-json\/wp\/v2\/types\/post"}],"author":[{"embeddable":true,"href":"https:\/\/www.deaixa.com\/palbiro\/wp-json\/wp\/v2\/users\/2"}],"replies":[{"embeddable":true,"href":"https:\/\/www.deaixa.com\/palbiro\/wp-json\/wp\/v2\/comments?post=835"}],"version-history":[{"count":0,"href":"https:\/\/www.deaixa.com\/palbiro\/wp-json\/wp\/v2\/posts\/835\/revisions"}],"wp:featuredmedia":[{"embeddable":true,"href":"https:\/\/www.deaixa.com\/palbiro\/wp-json\/"}],"wp:attachment":[{"href":"https:\/\/www.deaixa.com\/palbiro\/wp-json\/wp\/v2\/media?parent=835"}],"wp:term":[{"taxonomy":"category","embeddable":true,"href":"https:\/\/www.deaixa.com\/palbiro\/wp-json\/wp\/v2\/categories?post=835"},{"taxonomy":"post_tag","embeddable":true,"href":"https:\/\/www.deaixa.com\/palbiro\/wp-json\/wp\/v2\/tags?post=835"}],"curies":[{"name":"wp","href":"https:\/\/api.w.org\/{rel}","templated":true}]}}