{"id":895,"date":"2016-05-03T10:00:37","date_gmt":"2016-05-03T10:00:37","guid":{"rendered":"http:\/\/deaixa.net\/palbiro\/?p=895"},"modified":"2022-10-19T21:10:55","modified_gmt":"2022-10-19T21:10:55","slug":"carpeta-retrospectiva-de-la-obra-de-palbiro","status":"publish","type":"post","link":"https:\/\/www.deaixa.com\/palbiro\/2016\/05\/carpeta-retrospectiva-de-la-obra-de-palbiro\/","title":{"rendered":"CANTO A LA LIBERTAD &#8211; Las Obras -2016"},"content":{"rendered":"\n<h3 class=\"wp-block-heading\">Segunda Exposici\u00f3n Itinerante de <em><span style=\"text-decoration: underline;\"><a href=\"https:\/\/www.deaixa.com\/palbiro\/palbiro\/\">Palbiro<\/a><\/span><\/em>.<\/h3>\n\n\n\n<p>La inauguramos con una selecci\u00f3n de 12 de las obras, en un <a href=\"https:\/\/www.deaixa.com\/palbiro\/2016\/05\/02\/el-pabellon-de-canto-a-la-libertad-en-caral\/\"><span style=\"text-decoration: underline;\">pabell\u00f3n especial en Aspero<\/span><\/a>, Zona Arqueol\u00f3gica de Caral, del 29 de abril al 15 de mayo de 2016.<\/p>\n\n\n\n<p>La presentaci\u00f3n de la muestra la hizo <a href=\"https:\/\/www.deaixa.com\/palbiro\/la-exposicion-en-caral\/\"><em><span style=\"text-decoration: underline;\">Maynor Freyre<\/span><\/em>.<\/a> El 30 de abril, Pablo gu\u00edo a los visitantes junto con la Dra. Ruth Shady. Entre ambos plantearon el concepto de la vinculaci\u00f3n del pasado con el presente a trav\u00e9s de la expresi\u00f3n art\u00edstica.<\/p>\n\n\n\n<figure class=\"wp-block-image size-large\"><img decoding=\"async\" src=\"https:\/\/www.deaixa.com\/palbiro\/wp-content\/uploads\/2018\/04\/CARPETA-RETROSPECTIVA-200418-11-1-1.png\" alt=\"\"\/><\/figure>\n\n\n\n<figure class=\"wp-block-image size-large is-resized\"><img loading=\"lazy\" decoding=\"async\" src=\"https:\/\/www.deaixa.com\/palbiro\/wp-content\/uploads\/2018\/04\/CARPETA-RETROSPECTIVA-200418-2-1-1.png\" alt=\"\" width=\"840\" height=\"630\"\/><\/figure>\n\n\n\n<figure class=\"wp-block-image size-large\"><img decoding=\"async\" src=\"https:\/\/www.deaixa.com\/palbiro\/wp-content\/uploads\/2018\/04\/CARPETA-RETROSPECTIVA-200418-3-1-1.png\" alt=\"\"\/><\/figure>\n","protected":false},"excerpt":{"rendered":"<p>Segunda Exposici\u00f3n Itinerante de Palbiro. La inauguramos con una selecci\u00f3n de 12 de las obras, en un pabell\u00f3n especial en Aspero, Zona Arqueol\u00f3gica de Caral, del 29 de abril al 15 de mayo de 2016. La presentaci\u00f3n de la muestra la hizo Maynor Freyre. El 30 de abril, Pablo gu\u00edo a los visitantes junto con la Dra. Ruth Shady. Entre ambos plantearon el concepto de la vinculaci\u00f3n del pasado con el presente a trav\u00e9s de la expresi\u00f3n art\u00edstica.<\/p>\n","protected":false},"author":2,"featured_media":182,"comment_status":"closed","ping_status":"closed","sticky":false,"template":"","format":"gallery","meta":{"footnotes":""},"categories":[4,9,11],"tags":[],"class_list":["entry","author-webmaster","post-895","post","type-post","status-publish","format-gallery","has-post-thumbnail","category-canto-a-la-libertad","category-exposiciones","category-las-obras"],"_links":{"self":[{"href":"https:\/\/www.deaixa.com\/palbiro\/wp-json\/wp\/v2\/posts\/895","targetHints":{"allow":["GET"]}}],"collection":[{"href":"https:\/\/www.deaixa.com\/palbiro\/wp-json\/wp\/v2\/posts"}],"about":[{"href":"https:\/\/www.deaixa.com\/palbiro\/wp-json\/wp\/v2\/types\/post"}],"author":[{"embeddable":true,"href":"https:\/\/www.deaixa.com\/palbiro\/wp-json\/wp\/v2\/users\/2"}],"replies":[{"embeddable":true,"href":"https:\/\/www.deaixa.com\/palbiro\/wp-json\/wp\/v2\/comments?post=895"}],"version-history":[{"count":2,"href":"https:\/\/www.deaixa.com\/palbiro\/wp-json\/wp\/v2\/posts\/895\/revisions"}],"predecessor-version":[{"id":1971,"href":"https:\/\/www.deaixa.com\/palbiro\/wp-json\/wp\/v2\/posts\/895\/revisions\/1971"}],"wp:featuredmedia":[{"embeddable":true,"href":"https:\/\/www.deaixa.com\/palbiro\/wp-json\/wp\/v2\/media\/182"}],"wp:attachment":[{"href":"https:\/\/www.deaixa.com\/palbiro\/wp-json\/wp\/v2\/media?parent=895"}],"wp:term":[{"taxonomy":"category","embeddable":true,"href":"https:\/\/www.deaixa.com\/palbiro\/wp-json\/wp\/v2\/categories?post=895"},{"taxonomy":"post_tag","embeddable":true,"href":"https:\/\/www.deaixa.com\/palbiro\/wp-json\/wp\/v2\/tags?post=895"}],"curies":[{"name":"wp","href":"https:\/\/api.w.org\/{rel}","templated":true}]}}