{"id":990,"date":"2018-06-07T14:01:53","date_gmt":"2018-06-07T14:01:53","guid":{"rendered":"http:\/\/deaixa.net\/palbiro\/?p=990"},"modified":"2018-06-07T14:01:53","modified_gmt":"2018-06-07T14:01:53","slug":"acerca-de-pablo","status":"publish","type":"post","link":"https:\/\/www.deaixa.com\/palbiro\/2018\/06\/acerca-de-pablo\/","title":{"rendered":"Un cordial abrazo y gracias por su visita."},"content":{"rendered":"<p>A los que a\u00fan conf\u00edan en que es posible arribar a lo espiritual o m\u00edstico, no como algo ut\u00f3pico y abstracto, sino como un cambio de perspectiva de lo material hacia lo espiritual. En mi caso personal es una b\u00fasqueda que se inicia alrededor de los 60, como un indagar sobre el ser interior que todos tenemos postergado, por ver tan solo lo superficial, lo que nos aleja de lo esencial e inmortal que es el verdadero Ser.<\/p>\n<p>El camino m\u00edstico es la b\u00fasqueda que emprend\u00ed hace ya varios a\u00f1os, actitud que expreso a trav\u00e9s del canto, la literatura y ahora la pintura. Mi estilo en todas las artes es espont\u00e1neo e intenso, subjetivo, est\u00e9tico, y m\u00f3vil.<\/p>\n<p>Luego de mi exposici\u00f3n en Lima, viene la parte itinerante, tarea mayor y de m\u00e1s costo. Aun as\u00ed el proyecto principal es lograr un centro comunal creativo art\u00edstico e integrado, en alg\u00fan lugar del departamento de Amazonas.<\/p>\n<p>Estar\u00e9 a la espera de quien se muestre interesado en este intento personal, y para dialogar al respecto tienen mi mail:&nbsp;<a href=\"mailto:palbiro7@hotmail.com\">palbiro7@hotmail.com<\/a>&nbsp;y&nbsp;<a href=\"mailto:palbiro7@gmail.com\">palbiro7@gmail.com<\/a><\/p>\n<p>Un cordial abrazo y gracias por su visita.<\/p>\n<p align=\"center\">PALBIRO<\/p>\n<p><i>Pablo Ribeiro, PALBIRO, al ser artista m\u00faltiple como lo acredita su exposici\u00f3n, sus recitales de canto y escritos en prosa y poes\u00eda puede ofrecer a cada regi\u00f3n un recital con acompa\u00f1amiento de piano en alg\u00fan teatro o auditorio y con un pianista del lugar. Cuenta con un amplio repertorio l\u00edrico de tenor.<\/i><\/p>\n<p><img loading=\"lazy\" decoding=\"async\" class=\"wp-image-7 size-full alignnone\" src=\"https:\/\/palbiro.com\/wp-content\/uploads\/2013\/08\/image001-e1414649686411.jpg\" alt=\"image001\" width=\"594\" height=\"840\"><\/p>\n","protected":false},"excerpt":{"rendered":"<p>A los que a\u00fan conf\u00edan en que es posible arribar a lo espiritual o m\u00edstico, no como algo ut\u00f3pico y abstracto, sino como un cambio de perspectiva de lo material hacia lo espiritual. En mi caso personal es una b\u00fasqueda que se inicia alrededor de los 60, como un indagar sobre el ser interior que todos tenemos postergado, por ver tan solo lo superficial, lo que nos aleja de lo esencial e inmortal que es el verdadero Ser. El camino m\u00edstico es la b\u00fasqueda que emprend\u00ed hace ya varios a\u00f1os, actitud que expreso a trav\u00e9s del canto, la literatura y ahora la pintura. Mi estilo<span class=\"more-link\"><a href=\"https:\/\/www.deaixa.com\/palbiro\/2018\/06\/acerca-de-pablo\/\">Seguir Leyendo<\/a><\/span><\/p>\n","protected":false},"author":2,"featured_media":10,"comment_status":"closed","ping_status":"closed","sticky":false,"template":"","format":"standard","meta":{"footnotes":""},"categories":[3],"tags":[],"class_list":["entry","author-webmaster","post-990","post","type-post","status-publish","format-standard","has-post-thumbnail","category-agradecimientos"],"_links":{"self":[{"href":"https:\/\/www.deaixa.com\/palbiro\/wp-json\/wp\/v2\/posts\/990","targetHints":{"allow":["GET"]}}],"collection":[{"href":"https:\/\/www.deaixa.com\/palbiro\/wp-json\/wp\/v2\/posts"}],"about":[{"href":"https:\/\/www.deaixa.com\/palbiro\/wp-json\/wp\/v2\/types\/post"}],"author":[{"embeddable":true,"href":"https:\/\/www.deaixa.com\/palbiro\/wp-json\/wp\/v2\/users\/2"}],"replies":[{"embeddable":true,"href":"https:\/\/www.deaixa.com\/palbiro\/wp-json\/wp\/v2\/comments?post=990"}],"version-history":[{"count":0,"href":"https:\/\/www.deaixa.com\/palbiro\/wp-json\/wp\/v2\/posts\/990\/revisions"}],"wp:featuredmedia":[{"embeddable":true,"href":"https:\/\/www.deaixa.com\/palbiro\/wp-json\/"}],"wp:attachment":[{"href":"https:\/\/www.deaixa.com\/palbiro\/wp-json\/wp\/v2\/media?parent=990"}],"wp:term":[{"taxonomy":"category","embeddable":true,"href":"https:\/\/www.deaixa.com\/palbiro\/wp-json\/wp\/v2\/categories?post=990"},{"taxonomy":"post_tag","embeddable":true,"href":"https:\/\/www.deaixa.com\/palbiro\/wp-json\/wp\/v2\/tags?post=990"}],"curies":[{"name":"wp","href":"https:\/\/api.w.org\/{rel}","templated":true}]}}